{"id":2033,"date":"2026-07-12T07:03:49","date_gmt":"2026-07-12T13:03:49","guid":{"rendered":"https:\/\/carlosmendozaalvarez.blog\/?p=2033"},"modified":"2026-07-12T07:13:10","modified_gmt":"2026-07-12T13:13:10","slug":"vulnerabilis-humanitas","status":"publish","type":"post","link":"https:\/\/carlosmendozaalvarez.blog\/en\/2026\/07\/12\/vulnerabilis-humanitas\/","title":{"rendered":"Vulnerabilis Humanitas"},"content":{"rendered":"<p style=\"font-weight: 400; text-align: right;\">By Carlos Mendoza \u00c1lvarez<\/p>\n<p style=\"font-weight: 400;\">Last Thursday, the JobeLab collective \u2014formed by friends and colleagues from the city to promote open conversations about issues that matter to the quality of life of diverse communities\u2014 brought us together at the La Madriguera bookstore, in the Guadalupe neighborhood of the city of Jobel, the indigenous name of San Crist\u00f3bal de Las Casas, to talk about Artificial Intelligence (AI).<\/p>\n<p style=\"font-weight: 400;\">The topic brought together nearly fifty people from diverse generations, backgrounds, and interests, drawn from the world of social activism, academia, the Church, and the arts. The pretext was to propose various interpretations of Pope Leo XIV&#039;s encyclical &quot;Magnifica Humanitas,&quot; published on May 15th, the centenary of his predecessor Leo XIII&#039;s encyclical &quot;Rerum Novarum,&quot; or &quot;On New Things,&quot; written when the Roman Catholic Church was grappling with the challenges of industrialization.<\/p>\n<p style=\"font-weight: 400;\">The fundamental question, however, was not merely technical or pastoral: it was a question about the very soul of our time. How can we safeguard the magnificence and vulnerability of humanity when machines promise efficiency, calculation, and memory without wounds? How can we recognize, amidst the digital dazzle, that our greatness lies not in becoming invulnerable, but in learning to inhabit fragility (vulnerabilis humanitas) as a place of encounter, discernment, and human-divine communion?<\/p>\n<p style=\"font-weight: 400;\">Today, digitalization has brought about an unprecedented cultural transformation. Data, algorithms, and <em>prompts<\/em> \u2014those instructive teachers designed on databases\u2014 exert an omnipresent influence through our cell phones, tablets and computers that, as Abraham Mena commented, are applied with increasing sophistication to all spheres of social life: the economy, science, technology, the arts, sexuality, education and religion.<\/p>\n<p style=\"font-weight: 400;\">It is a \u201cmachine\u201d that is not intelligent, argued Kathia Loyzaga, but one whose mechanisms we must learn to understand and manage: exploring its possibilities, recognizing its limitations, and always maintaining, as Leo XIV emphasized, the primacy of the human, with its creativity and unique talents as the image of God. This irreplaceable core is the human heart, which Jo\u00e3o Almeida reminded us is the center of the religious message of Christianity and other spiritual traditions of humanity. This reality of being in relation to others is part of our path to humanization and liberation, as Paulo Freire observed.<\/p>\n<p style=\"font-weight: 400;\">In addition to recognizing the opportunities that AI offers for the development of science and technology, with an immediate impact on our lives, we must also consider the risks posed by the misuse of this technology when it falls into the hands of governments, militaries, and transnational corporations that profit from machine learning for their own benefit.<\/p>\n<p style=\"font-weight: 400;\">When addressing the ethical dimension of AI, the topic I was assigned to discuss in the talk, I wanted to recall Ivan Illich&#039;s warning about the age of systems: a time when humans have become replaceable subsystems, at any moment, by robots and algorithmic decisions under the command of a &quot;handful of oligarchs,&quot; as Pope Leo said on his recent trip to Cameroon, referring to the masters of Silicon Valley.<\/p>\n<p style=\"font-weight: 400; text-align: center;\"><em>Magnificent and vulnerable humanity before the warlords<\/em><\/p>\n<p style=\"font-weight: 400;\">Pope Leo XIV&#039;s theoretical framework allows him to move with ease within a vision of the human person as a relational being, exploring the intricacies of subjectivity masterfully narrated by Saint Augustine sixteen hundred years ago in his theological works and in his monastic rule of life. From this perspective, Leo XIV speaks of the Intimacy of Humanity to praise &quot;magnificent humanity,&quot; which has received from God the indelible mark of his love, while at the same time recognizing the limits it cannot transgress under penalty of becoming a source of moral chaos. Leo therefore emphasizes that, while humanity is &quot;magnificent&quot; because it is the image of divinity, it is also &quot;vulnerable&quot; because it is a finite creature: a subjectivity that explores its limits, recognizes them, and discovers them as a place of encounter with others, with the cosmos, and with God.<\/p>\n<p style=\"font-weight: 400;\">Some voices within the global theological community propose continuing to critically examine how to approach AI, while still acknowledging its potential benefits for humanity and the planet. One provocative voice is that of Paolo Gamberini, an Italian Jesuit philosopher, who envisions a papal encyclical on this topic within the theoretical framework of Teilhard de Chardin&#039;s cosmic Christ, the great 20th-century scientist and mystic. In his cosmology, humanity appears intimately linked to the evolution of species and the cosmos from the Christic Alpha, including new creatures\u2014such as AI\u2014all assumed by Divine Wisdom in the movement toward the Omega, where the total Christ will be all in all.<\/p>\n<p style=\"font-weight: 400;\">The discussion yielded diverse perspectives. For example, a young sculptor distanced himself from AI because, in his view, it cannot replace the human genius of artistic creation. Another voice came from a leader defending the Jobel wetlands, a land of reeds and waterways now threatened by real estate development, urban chaos, and the apathy of a population that pollutes its waterways with garbage, while the municipal government proves incapable of regulating the urban disorder. How can AI be a useful tool for urban planning that doesn&#039;t displace residents as active participants in caring for Mother Earth?<\/p>\n<p style=\"font-weight: 400;\">New discussions about AI are being organized in various forums: in schools throughout the city and in communities in Zinacant\u00e1n, the neighboring city, where younger generations live with AI daily and often use it naively or indiscriminately. The goal is to generate collective reflection on how to &quot;disarm&quot; AI of its serious risks and dangers, and how to &quot;recover the human element&quot; in this new digital age for Indigenous peoples, mestizo communities, and multicultural cities. This is a shared task that urges us to promote the dignity of all human beings, along with the species with which we share this &quot;place,&quot; where life flourishes in diverse ways, in new and surprising forms of &quot;the vernacular&quot;\u2014that connection to the land so dear to Illich as a place of conviviality because only there do we flourish as individuals and as a human species in harmony with the vital environment that sustains us.<\/p>\n<p style=\"font-weight: 400;\">But the recovery of our humanity isn&#039;t decreed from a room, nor is it exhausted by the analysis of an encyclical. It needs to be embodied in connections, territories, shared memories, and small fires that withstand the wind. That&#039;s why, upon leaving the discussion, the question of AI began to resonate with other names: wetland, volcano, cabin, breath, community. There, in those cracks where life persists, resisting so much violence, reflection became a path to learning how to be different.<\/p>\n<p style=\"text-align: center;\">\u2202<\/p>\n<p style=\"font-weight: 400;\">In honor of Ivan Illich&#039;s legacy, and as part of the numerous events commemorating the centenary of his death, the JobeLab collective is organizing the presentation of the book &quot;Hosting the World: Thinking with Ivan Illich Under One Common Roof&quot; by El\u00edas Gonz\u00e1lez and Carlos Tornel, next Saturday, July 18th, at 5 pm, at Belil Restaurant in our city. The authors will be present, and Irene Ragzzini, Fabio Ceballos, and I will offer commentary. It will undoubtedly be an opportunity to share valuable insights and reflect together on our local context.<\/p>\n<p style=\"font-weight: 400; text-align: center;\"><em>From the algorithm to the campfire: the triangle-volcano and the magma<\/em><\/p>\n<p style=\"font-weight: 400;\">After my trip to the land of the volcanoes in the Puebla-Tlaxcala Valley, which I recounted here last week, the echoes of my story resonated as far as Kerala, India, where Kochurani Abraham, a beloved feminist theologian, wrote to me with emotion about that shared yearning for a \u201cCosmic Home\u201d where countless micro-planets and mini-stars can be lovingly cared for with the radiance of the divine Ruah. A hut-home that illuminates the path, like straw beginning to burn in the hollow of a fire already prepared by its inhabitants, who fan the flames with their breath and with the help of a \u201ctlatecuinaltiani,\u201d or palm-leaf blower in Nahuatl.<\/p>\n<p style=\"font-weight: 400;\">Echoes of mutual support also arrived from Oregon, with Juan Carlos and Carolina dreaming of a shared \u201cplace\u201d where we can meet for periods of time, open to the embodied spirituality of the ancestral Peruvian Quechua in communion with the ancestral Mexican Andean highlands. And from Minnesota, in the Twin Cities, Laurel sent reminiscences of her time in Puebla and its northern highlands when she was an exchange student: a journey that later led her to El Salvador to walk with the Basic Ecclesial Communities of that sister Central American country. Other echoes also arrived from Soweto, Wallmapu, and Dakota, from friends with whom I have shared memorable moments of spirituality rooted in diverse sacred lands, with vernacular thought and artistic creation that allow us to always celebrate life on the borders of death.<\/p>\n<p style=\"font-weight: 400;\">For three decades, I have been weaving networks of thought, activism, and spirituality within the cracks of hegemonic worlds, alongside colleagues and comrades from diverse collectives and communities in resistance, where we learn to be. From this emerged processes such as Mutual Spiritual and Theological Accompaniment, which brings together around a hundred people each year in virtual homes facilitated by a chef, culminating in an annual retreat, either virtual or in person, visiting territories of resistance. Also born along this path are the Resiste\/Re-existe festival-gatherings, with dozens of social movements from the epistemic South engaging in dialogue with academics and artists to strengthen our diverse spiritualities, our mutual solidarity, and our developing decolonial thought. And as the third vertex of the triangle, thought itself: the intersection of postmodern phenomenology, mimetic theory, decolonial thought and apophatic philosophy, enriched with new approaches thanks to an exciting generation of colleagues such as Cleusa Caldeira and Pedro Igor Leite da Silva in Brazil, Laurel Potter in the United States and El Salvador, Juan Carlos La Puente in Oregon and Peru, Juan Jes\u00fas V\u00e1zquez in Mexico, and Soledad del Villar, Valentina Nilo and Mart\u00edn Aguilera in Chile.<\/p>\n<p style=\"font-weight: 400;\">As a collective of decolonial philosophical and theological thought, we will meet in March of next year in Cholula, Puebla, as the ancestral homeland of the volcano-triangle, to share intuitions, findings, and proposals for thought and life, with the aim of continuing to walk with our communities of belonging by choice in the construction of other possible worlds, encouraged by the incandescent magma of the divine Ruah in the cracks of being.<\/p>\n<p style=\"font-weight: 400; text-align: right;\">Jobel, July 11, 2026<\/p>","protected":false},"excerpt":{"rendered":"<p>Cr\u00f3nica del conversatorio sobre diversas lecturas de la Enc\u00edclica &#8220;Magnifica Humanitas&#8221; del Papa Le\u00f3n XIV sobre la Inteligencia artificial realizado en Chiapas esta semana. Se enfatizan las voces diversas desde la academia, el activismo social y el mundo de la cultura, con nuevos retos para &#8220;desarmar el poder&#8221; de la IA y quienes la controlan, para rescatar lo humano en su diversidad seg\u00fan lugares y tiempos enraizados en cada lugar y territorio. Al final se narran algunos ecos del anhelo de &#8220;la casa c\u00f3smica&#8221; por arraigar en alg\u00fan lugar del altiplano mexicano.<\/p>","protected":false},"author":266113673,"featured_media":2035,"comment_status":"open","ping_status":"open","sticky":false,"template":"","format":"standard","meta":{"postBodyCss":"","postBodyMargin":[],"postBodyPadding":[],"postBodyBackground":{"backgroundType":"classic","gradient":""},"_jetpack_newsletter_access":"","_jetpack_dont_email_post_to_subs":false,"_jetpack_newsletter_tier_id":0,"_jetpack_memberships_contains_paywalled_content":false,"_wpcom_ai_launchpad_first_post":false,"_jetpack_feature_clip_id":0,"_jetpack_memberships_contains_paid_content":false,"footnotes":"","jetpack_publicize_message":"{title}\n\n{excerpt}\n\n{url}","jetpack_publicize_feature_enabled":true,"jetpack_social_post_already_shared":true,"jetpack_social_options":{"image_generator_settings":{"template":"highway","default_image_id":0,"font":"","enabled":false},"version":2},"_wpas_customize_per_network":false,"jetpack_post_was_ever_published":false},"categories":[780850242,780850194,780850273,780850313,780850243,780850302,780850329],"tags":[164367,780849935,780849832,780850330,780850314],"class_list":["post-2033","post","type-post","status-publish","format-standard","has-post-thumbnail","hentry","category-cara-a-cara","category-chiapas","category-espiritualidad-intercultural","category-inteligencia-artificial","category-neocolonialismo","category-resistencias","category-vulnerabilidad","tag-chiapas","tag-decolonialidad","tag-ivan-illich","tag-magnifica-humanitas","tag-papa-leon-xiv"],"jetpack_publicize_connections":[],"jetpack_likes_enabled":true,"jetpack_sharing_enabled":true,"jetpack_shortlink":"https:\/\/wp.me\/pgx1jY-wN","jetpack-related-posts":[{"id":1902,"url":"https:\/\/carlosmendozaalvarez.blog\/en\/2026\/05\/31\/la-ia-amenaza-o-companera\/","url_meta":{"origin":2033,"position":0},"title":"AI: threat or partner?","author":"mendocinomx","date":"31 de May de 2026","format":false,"excerpt":"Reflections on artificial intelligence from the Illichian perspective of the systems age and the possibilities of a new digital environment. In the second part, the author describes the commemorative events for the 500th anniversary of the arrival of the Dominican friars in Mexico that will take place\u2026","rel":"","context":"In &quot;Dominicos&quot;","block_context":{"text":"Dominicos","link":"https:\/\/carlosmendozaalvarez.blog\/en\/category\/dominicos\/"},"img":{"alt_text":"","src":"https:\/\/i0.wp.com\/carlosmendozaalvarez.blog\/wp-content\/uploads\/2026\/05\/Freepik-Arte-digital-recurso-generado-con-IA-2026.png?fit=1200%2C1193&ssl=1&resize=350%2C200","width":350,"height":200,"srcset":"https:\/\/i0.wp.com\/carlosmendozaalvarez.blog\/wp-content\/uploads\/2026\/05\/Freepik-Arte-digital-recurso-generado-con-IA-2026.png?fit=1200%2C1193&ssl=1&resize=350%2C200 1x, https:\/\/i0.wp.com\/carlosmendozaalvarez.blog\/wp-content\/uploads\/2026\/05\/Freepik-Arte-digital-recurso-generado-con-IA-2026.png?fit=1200%2C1193&ssl=1&resize=525%2C300 1.5x, https:\/\/i0.wp.com\/carlosmendozaalvarez.blog\/wp-content\/uploads\/2026\/05\/Freepik-Arte-digital-recurso-generado-con-IA-2026.png?fit=1200%2C1193&ssl=1&resize=700%2C400 2x, https:\/\/i0.wp.com\/carlosmendozaalvarez.blog\/wp-content\/uploads\/2026\/05\/Freepik-Arte-digital-recurso-generado-con-IA-2026.png?fit=1200%2C1193&ssl=1&resize=1050%2C600 3x"},"classes":[]},{"id":1982,"url":"https:\/\/carlosmendozaalvarez.blog\/en\/2026\/06\/20\/los-sionismos-que-nos-acechan\/","url_meta":{"origin":2033,"position":1},"title":"The Zionisms that threaten us","author":"mendocinomx","date":"20 de June de 2026","format":false,"excerpt":"A reflection on the ideological justification of techno-fascism through Jewish and Christian Zionism by means of the perverse use of the Bible as a weapon of war. The ethical, theological, and spiritual implications of this expansionism in Chiapas and other territories pose challenges for a critical theology and practice that dismantles\u2026","rel":"","context":"In &quot;Chiapas&quot;","block_context":{"text":"Chiapas","link":"https:\/\/carlosmendozaalvarez.blog\/en\/category\/chiapas\/"},"img":{"alt_text":"","src":"https:\/\/i0.wp.com\/carlosmendozaalvarez.blog\/wp-content\/uploads\/2026\/06\/Juan-Fuentes-Critical-Zionism-Studies-2025.jpg?fit=1024%2C1024&ssl=1&resize=350%2C200","width":350,"height":200,"srcset":"https:\/\/i0.wp.com\/carlosmendozaalvarez.blog\/wp-content\/uploads\/2026\/06\/Juan-Fuentes-Critical-Zionism-Studies-2025.jpg?fit=1024%2C1024&ssl=1&resize=350%2C200 1x, https:\/\/i0.wp.com\/carlosmendozaalvarez.blog\/wp-content\/uploads\/2026\/06\/Juan-Fuentes-Critical-Zionism-Studies-2025.jpg?fit=1024%2C1024&ssl=1&resize=525%2C300 1.5x, https:\/\/i0.wp.com\/carlosmendozaalvarez.blog\/wp-content\/uploads\/2026\/06\/Juan-Fuentes-Critical-Zionism-Studies-2025.jpg?fit=1024%2C1024&ssl=1&resize=700%2C400 2x"},"classes":[]},{"id":2012,"url":"https:\/\/carlosmendozaalvarez.blog\/en\/2026\/07\/04\/en-las-laderas-volcanicas-del-altiplano-mexicano\/","url_meta":{"origin":2033,"position":2},"title":"On the volcanic slopes of the Mexican plateau","author":"mendocinomx","date":"4 de July de 2026","format":false,"excerpt":"A story of a journey to the foothills of the Popocat\u00e9petl volcano with recollections of stories lived in that ancestral sacred land with its new expressions of life that resist systemic violence.","rel":"","context":"In &quot;Biodiversidad&quot;","block_context":{"text":"Biodiversidad","link":"https:\/\/carlosmendozaalvarez.blog\/en\/category\/biodiversidad\/"},"img":{"alt_text":"","src":"https:\/\/i0.wp.com\/carlosmendozaalvarez.blog\/wp-content\/uploads\/2026\/07\/Jorge-Gonzalez-Camarena.jpeg?fit=1200%2C1186&ssl=1&resize=350%2C200","width":350,"height":200,"srcset":"https:\/\/i0.wp.com\/carlosmendozaalvarez.blog\/wp-content\/uploads\/2026\/07\/Jorge-Gonzalez-Camarena.jpeg?fit=1200%2C1186&ssl=1&resize=350%2C200 1x, https:\/\/i0.wp.com\/carlosmendozaalvarez.blog\/wp-content\/uploads\/2026\/07\/Jorge-Gonzalez-Camarena.jpeg?fit=1200%2C1186&ssl=1&resize=525%2C300 1.5x, https:\/\/i0.wp.com\/carlosmendozaalvarez.blog\/wp-content\/uploads\/2026\/07\/Jorge-Gonzalez-Camarena.jpeg?fit=1200%2C1186&ssl=1&resize=700%2C400 2x, https:\/\/i0.wp.com\/carlosmendozaalvarez.blog\/wp-content\/uploads\/2026\/07\/Jorge-Gonzalez-Camarena.jpeg?fit=1200%2C1186&ssl=1&resize=1050%2C600 3x"},"classes":[]},{"id":1238,"url":"https:\/\/carlosmendozaalvarez.blog\/en\/2025\/10\/10\/una-flor-de-composta\/","url_meta":{"origin":2033,"position":3},"title":"A compost flower","author":"mendocinomx","date":"10 de October de 2025","format":false,"excerpt":"At the end of September, more than eighty people from survivor groups around the world gathered for a meeting of mutual listening, deepened by thoughtful dialogues with university students and nourished by provocations from artist groups. We were received with the magnificent hospitality of...","rel":"","context":"In &quot;Espiritualidad liberadora&quot;","block_context":{"text":"Espiritualidad liberadora","link":"https:\/\/carlosmendozaalvarez.blog\/en\/category\/espiritualidad-liberadora\/"},"img":{"alt_text":"","src":"https:\/\/i0.wp.com\/carlosmendozaalvarez.blog\/wp-content\/uploads\/2025\/10\/Carlos-Mendoza-Re-existe-2025-Ritual-de-apertura-23-IX-25.jpeg?fit=1200%2C800&ssl=1&resize=350%2C200","width":350,"height":200,"srcset":"https:\/\/i0.wp.com\/carlosmendozaalvarez.blog\/wp-content\/uploads\/2025\/10\/Carlos-Mendoza-Re-existe-2025-Ritual-de-apertura-23-IX-25.jpeg?fit=1200%2C800&ssl=1&resize=350%2C200 1x, https:\/\/i0.wp.com\/carlosmendozaalvarez.blog\/wp-content\/uploads\/2025\/10\/Carlos-Mendoza-Re-existe-2025-Ritual-de-apertura-23-IX-25.jpeg?fit=1200%2C800&ssl=1&resize=525%2C300 1.5x, https:\/\/i0.wp.com\/carlosmendozaalvarez.blog\/wp-content\/uploads\/2025\/10\/Carlos-Mendoza-Re-existe-2025-Ritual-de-apertura-23-IX-25.jpeg?fit=1200%2C800&ssl=1&resize=700%2C400 2x, https:\/\/i0.wp.com\/carlosmendozaalvarez.blog\/wp-content\/uploads\/2025\/10\/Carlos-Mendoza-Re-existe-2025-Ritual-de-apertura-23-IX-25.jpeg?fit=1200%2C800&ssl=1&resize=1050%2C600 3x"},"classes":[]},{"id":1957,"url":"https:\/\/carlosmendozaalvarez.blog\/en\/2026\/06\/13\/dios-ya-no-es-redondo\/","url_meta":{"origin":2033,"position":4},"title":"God is no longer round","author":"mendocinomx","date":"13 de June de 2026","format":false,"excerpt":"In the atmosphere of the FIFA World Cup, inaugurated at the Mexico City Stadium, some reflections are offered on the playful nature of peoples, centered around a ball in different eras, to underscore the asymmetries created by the will to dominate of criminal mafias that\u2026","rel":"","context":"In &quot;Colonialismo isralel\u00ed&quot;","block_context":{"text":"Colonialismo isralel\u00ed","link":"https:\/\/carlosmendozaalvarez.blog\/en\/category\/colonialismo-israleli\/"},"img":{"alt_text":"","src":"https:\/\/i0.wp.com\/carlosmendozaalvarez.blog\/wp-content\/uploads\/2026\/06\/German-Pose-Balon-con-aureola-2016.jpg?fit=883%2C669&ssl=1&resize=350%2C200","width":350,"height":200,"srcset":"https:\/\/i0.wp.com\/carlosmendozaalvarez.blog\/wp-content\/uploads\/2026\/06\/German-Pose-Balon-con-aureola-2016.jpg?fit=883%2C669&ssl=1&resize=350%2C200 1x, https:\/\/i0.wp.com\/carlosmendozaalvarez.blog\/wp-content\/uploads\/2026\/06\/German-Pose-Balon-con-aureola-2016.jpg?fit=883%2C669&ssl=1&resize=525%2C300 1.5x, https:\/\/i0.wp.com\/carlosmendozaalvarez.blog\/wp-content\/uploads\/2026\/06\/German-Pose-Balon-con-aureola-2016.jpg?fit=883%2C669&ssl=1&resize=700%2C400 2x"},"classes":[]},{"id":1624,"url":"https:\/\/carlosmendozaalvarez.blog\/en\/2026\/01\/31\/transmodernidades-indianas\/","url_meta":{"origin":2033,"position":5},"title":"(Trans)modernities of India","author":"mendocinomx","date":"31 de January de 2026","format":false,"excerpt":"Modernity has arrived in the highlands of Chiapas, bringing with it economic and technological prosperity, but also an environmental crisis. The new generations inhabiting this territory are exploring new ways of life and identity, facing the challenge of harmonizing tradition with alternative forms of modernity\u2026","rel":"","context":"In &quot;Bioculturalidad&quot;","block_context":{"text":"Bioculturalidad","link":"https:\/\/carlosmendozaalvarez.blog\/en\/category\/bioculturalidad\/"},"img":{"alt_text":"","src":"https:\/\/i0.wp.com\/carlosmendozaalvarez.blog\/wp-content\/uploads\/2026\/01\/Juan-Chawuk-Conexion-Cosmica-San-Cristobal-de-Las-Casas-2000.jpg?fit=1200%2C799&ssl=1&resize=350%2C200","width":350,"height":200,"srcset":"https:\/\/i0.wp.com\/carlosmendozaalvarez.blog\/wp-content\/uploads\/2026\/01\/Juan-Chawuk-Conexion-Cosmica-San-Cristobal-de-Las-Casas-2000.jpg?fit=1200%2C799&ssl=1&resize=350%2C200 1x, https:\/\/i0.wp.com\/carlosmendozaalvarez.blog\/wp-content\/uploads\/2026\/01\/Juan-Chawuk-Conexion-Cosmica-San-Cristobal-de-Las-Casas-2000.jpg?fit=1200%2C799&ssl=1&resize=525%2C300 1.5x, https:\/\/i0.wp.com\/carlosmendozaalvarez.blog\/wp-content\/uploads\/2026\/01\/Juan-Chawuk-Conexion-Cosmica-San-Cristobal-de-Las-Casas-2000.jpg?fit=1200%2C799&ssl=1&resize=700%2C400 2x, https:\/\/i0.wp.com\/carlosmendozaalvarez.blog\/wp-content\/uploads\/2026\/01\/Juan-Chawuk-Conexion-Cosmica-San-Cristobal-de-Las-Casas-2000.jpg?fit=1200%2C799&ssl=1&resize=1050%2C600 3x"},"classes":[]}],"jetpack_featured_media_url":"https:\/\/i0.wp.com\/carlosmendozaalvarez.blog\/wp-content\/uploads\/2026\/07\/Rebeca-Morimoto-Lima-2021.jpg?fit=2000%2C1414&ssl=1","_links":{"self":[{"href":"https:\/\/carlosmendozaalvarez.blog\/en\/wp-json\/wp\/v2\/posts\/2033","targetHints":{"allow":["GET"]}}],"collection":[{"href":"https:\/\/carlosmendozaalvarez.blog\/en\/wp-json\/wp\/v2\/posts"}],"about":[{"href":"https:\/\/carlosmendozaalvarez.blog\/en\/wp-json\/wp\/v2\/types\/post"}],"author":[{"embeddable":true,"href":"https:\/\/carlosmendozaalvarez.blog\/en\/wp-json\/wp\/v2\/users\/266113673"}],"replies":[{"embeddable":true,"href":"https:\/\/carlosmendozaalvarez.blog\/en\/wp-json\/wp\/v2\/comments?post=2033"}],"version-history":[{"count":4,"href":"https:\/\/carlosmendozaalvarez.blog\/en\/wp-json\/wp\/v2\/posts\/2033\/revisions"}],"predecessor-version":[{"id":2038,"href":"https:\/\/carlosmendozaalvarez.blog\/en\/wp-json\/wp\/v2\/posts\/2033\/revisions\/2038"}],"wp:featuredmedia":[{"embeddable":true,"href":"https:\/\/carlosmendozaalvarez.blog\/en\/wp-json\/wp\/v2\/media\/2035"}],"wp:attachment":[{"href":"https:\/\/carlosmendozaalvarez.blog\/en\/wp-json\/wp\/v2\/media?parent=2033"}],"wp:term":[{"taxonomy":"category","embeddable":true,"href":"https:\/\/carlosmendozaalvarez.blog\/en\/wp-json\/wp\/v2\/categories?post=2033"},{"taxonomy":"post_tag","embeddable":true,"href":"https:\/\/carlosmendozaalvarez.blog\/en\/wp-json\/wp\/v2\/tags?post=2033"}],"curies":[{"name":"wp","href":"https:\/\/api.w.org\/{rel}","templated":true}]}}