{"id":2012,"date":"2026-07-04T10:00:07","date_gmt":"2026-07-04T16:00:07","guid":{"rendered":"https:\/\/carlosmendozaalvarez.blog\/?p=2012"},"modified":"2026-07-05T10:36:32","modified_gmt":"2026-07-05T16:36:32","slug":"en-las-laderas-volcanicas-del-altiplano-mexicano","status":"publish","type":"post","link":"https:\/\/carlosmendozaalvarez.blog\/en\/2026\/07\/04\/en-las-laderas-volcanicas-del-altiplano-mexicano\/","title":{"rendered":"On the volcanic slopes of the Mexican plateau"},"content":{"rendered":"<p style=\"font-weight: 400; text-align: right;\">By Carlos Mendoza \u00c1lvarez<\/p>\n<p style=\"font-weight: 400;\">The fumarole of the Popocat\u00e9petl volcano is perceived from afar as a powerful sign of sacred land, venerated by the ancient Mexicans and later by the &quot;graniceros&quot; of today, who preserve the prayer with offerings to the ancestral mountains of the Cholula valley, heart of the volcanic axis of the Mexican highlands.<\/p>\n<p style=\"font-weight: 400;\">Returning to the landscape of childhood, scanning for signs to sow dreams of words and true encounters, brought to my memory surprising episodes of life.<\/p>\n<p style=\"font-weight: 400;\">The first was the campsite on the slopes of Iztacc\u00edhuatl, or the Sleeping Woman, which we, the colleagues from the Emiliano Zapata Preparatory School, organized fifty years ago. The camaraderie of Ra\u00fal, Arturo, Adri\u00e1n, Juan, and Alfredo, among other dear friends, forged a sacred friendship in that place that endures to this day. The youthful rituals of student camping were enlivened by periods of silence, games, cooking, and celebration, listening in the heart of the forest to the progressive rock music of our generation, from Pink Floyd and Queen to Emerson, Lake &amp; Palmer and other British bands that populated our collective imagination.<\/p>\n<p style=\"font-weight: 400;\">Another memorable moment in volcanic lands was the ascent to the Popocat\u00e9petl crater, with Friar Ra\u00fal Vera as our novice master, guided by G\u00fcero, a young, expert mountaineer from Amecameca, in the State of Mexico, one early morning in the spring of 1980. After a great effort in the final part of the climb, well-equipped with ice axes, mountain boots, and goggles for the glare of the snow, the group of ten novices and their master reached the crater. We found the volcano&#039;s chimney exhaling sulfurous vapors, still silent, as Don Goyo\u2014as Popocat\u00e9petl is called because of March 12, the day of Saint Gregory, on which, since ancient times, its feast day has been celebrated with offerings to ask for rain\u2014would not reactivate its active cycle until December 21, 1994, after seventy years of volcanic inactivity. Peering towards the inner cone from the crater&#039;s ridge, amidst an astonishing silence, we celebrated &quot;the Mass on the world,&quot; according to that phrase by Teilhard de Chardin, that remarkable scientist and Jesuit mystic of the cosmic Christ, Alpha and Omega of the evolution of the cosmos.<\/p>\n<p>As a sacred place, this land of volcanoes has also suffered the siege of evil, but with the triumph of life, leaving scars on the wounded social body.<\/p>\n<p style=\"font-weight: 400;\">I remember the harrowing experience of four friars who volunteered to mediate, for humanitarian and evangelical reasons, the ransom payment for a kidnapping victim. It happened in 1994, that fateful year for Mexico, when disparate worlds collided like tectonic plates: the modernity of President Salinas, marked by the greed and corruption of the Mexican political system, clashed head-on with the guerrilla movements that still survived in the country after their persecution by the Mexican state since the Dirty War of the 1970s. Living through the experience of mediating the ransom payment for a kidnapped person was a profound experience, bringing me face to face with the fragility of human life in the face of the abyss of evil. The cursed money of that thirty-million-dollar ransom symbolized, on the one hand, the perversion of the powerful members of the Mexican elite who amassed such wealth, and on the other, the wickedness of those who used human life as a banner of justice for dubious social causes. As part of the ransom delivery route, the kidnappers, who were guiding us by satellite phones\u2014very rare even then\u2014made us cross the Paso de Cort\u00e9s, right between the two sacred volcanoes, to reach Puebla and deliver the cursed briefcases there. This wasn&#039;t possible because, according to those manipulating us, we were being followed by the government. After a few days of uncertainty, we were able to deliver the ransom in a working-class neighborhood of Mexico City, and the person was released hours later. The four friars who volunteered to be mediators will never forget that experience of humanitarian assistance amidst a wave of criminal violence, with perpetrators on both sides. Violence that, unfortunately, persists to this day in new forms of necropower.<\/p>\n<p>Years later, I returned to that area through Tlamacas, a mountain refuge also located in Paso de Cort\u00e9s, during a dramatic moment for a community there on a spiritual retreat led by Friar Ricardo Villarreal at the Hermitage of Silence. In the middle of the night, after a day of meditation, the community was attacked by bandits. Their collective trauma did not prevent this contemplative meditation community from continuing on its path of inner healing and strengthening of its communal life, uniting body, mind, and spirit in a journey of spirituality in motion, through sacred walks, Christian and Buddhist mantras, and service to the community. The silence of the forest, with its human and other inhabitants, had been desecrated by criminal gangs.<\/p>\n<p style=\"text-align: center;\">\u2202<\/p>\n<p style=\"font-weight: 400;\">In recent decades, the plume of Don Goyo (Goyo&#039;s volcano) has persisted, sometimes exhaling sulfurous vapors and volcanic ash accompanied by lava. Thus, it presides over the dawns of the Puebla-Tlaxcala valley, with its history of earthquakes and social movements of indigenous peoples, of youth demanding democracy, and of collectives dedicated to the spirituality of the land.<\/p>\n<p style=\"font-weight: 400;\">Popocat\u00e9petl is the guardian of Iztacc\u00edhuatl, also called &quot;La Volcana&quot; (The Volcano) by the farming communities that live on its slopes, or Rosita because its August festival gratefully celebrates the rains and the fertility of the crops. She is the beloved Sleeping Woman of Mexica mythology, reimagined in recent times as the guardian of the planet&#039;s chakras, according to the mythology of Regina created by Antonio Velasco Pi\u00f1a.<\/p>\n<p style=\"font-weight: 400;\">A few days ago, I had the good fortune to visit the territory of San Juan Tianguismanalco and Santiago Xalitzintla, accompanied by V\u00edctor and Carolina, with their young son Emik, who live there and lovingly care for it. For me, this short trip was a reunion with sacred land. I experienced that day as a ritual within the spiral of time, to once again tread that sacred ground of my youth, now with dreams in my heart of returning to the land of my ancestors.<\/p>\n<p style=\"font-weight: 400;\">I met a young and talented witness to the communities organized in defense of their land, connected by family ties and choice to the villages, forests and springs, birds and insects, reptiles and rodents, cornfields and greenhouses that inhabit it. A land of volcanoes with lush avocado, apple, peach, and pear trees. A territory of flowers and aromatic plants with healing essences used in traditional therapies. Ancestry and agroecology find in this land a strength deeply rooted in the land, a promise of life in a present lived with hope amidst so many global uncertainties.<\/p>\n<p style=\"font-weight: 400;\">The dream of Tabor - another holy mountain that has always accompanied me as a symbolic place of ancient and new transfigurations, from that of Jesus of Galilee to that of the peoples in resistance and re-existence - is now revived with impetuous force in these parts, now in these sacred mountains.<\/p>\n<p style=\"font-weight: 400;\">The volcano evokes the virtuous triangle I&#039;ve been discovering with friends like Juan Carlos from Peru, Kochurani from India, and Laurel from the United States and El Salvador, as well as with collectives from diverse latitudes, to represent our learning process of sowing combative hope where life is threatened. One vertex of the triangle is the practice of mutual support among individuals and collectives resisting systemic violence as a source of life. The other vertex is the creative experiences where we learn to re-exist, reinventing ourselves from the ruins amidst the Great Catastrophe we are experiencing. And the third vertex is the spiritual and theological seedbeds, with ethical and mystical depth, that we can cultivate collectively to learn to care for ourselves and flourish as individuals and creatures of the cosmos. Soon, in this land of volcanoes, we will create a virtual and in-person seedbed on the decolonial theology we are developing in community.<\/p>\n<p style=\"font-weight: 400;\">We will see how the breath of the divine Ruah makes us discover, with exquisite respect for the territory and its inhabitants, new calls to inhabit together the sacred land of the Puebla highlands.<\/p>\n<p style=\"text-align: center;\">\u2202<\/p>\n<p>And speaking of resistance to necropower in the territories, we must now also consider the digital realm where artificial intelligence, manipulated by transnational corporations and authoritarian governments, is designing techno-fascism. For this reason, next Thursday, July 9th, the JobeLab collective, formed by friends from San Crist\u00f3bal de Las Casas, will hold the discussion \u201cDisarming Power and Rescuing the Human: Readings on Leo XIV\u2019s Encyclical &#039;Magnifica Humanitas&#039;\u2018 at La Madriguera bookstore in San Crist\u00f3bal de Las Casas. We will have the participation of experts in computer science, communication, anthropology, philosophy, and theology. Chiapas is a prize for its natural resources, coveted by the industry behind AI, so it is crucial to understand what we are facing. We hope to see you there.<\/p>\n<p style=\"font-weight: 400; text-align: right;\">San Juan Tianguismanalco, July 2, 2026<\/p>","protected":false},"excerpt":{"rendered":"<p>A story of a journey to the foothills of the Popocat\u00e9petl volcano with recollections of stories lived in that ancestral sacred land with its new expressions of life that resist systemic violence.<\/p>","protected":false},"author":266113673,"featured_media":2019,"comment_status":"open","ping_status":"open","sticky":false,"template":"","format":"standard","meta":{"postBodyCss":"","postBodyMargin":[],"postBodyPadding":[],"postBodyBackground":{"backgroundType":"classic","gradient":""},"_jetpack_newsletter_access":"","_jetpack_dont_email_post_to_subs":false,"_jetpack_newsletter_tier_id":0,"_jetpack_memberships_contains_paywalled_content":false,"_wpcom_ai_launchpad_first_post":false,"_jetpack_feature_clip_id":0,"_jetpack_memberships_contains_paid_content":false,"footnotes":"","jetpack_publicize_message":"{title}\n\n{excerpt}\n\n{url}","jetpack_publicize_feature_enabled":true,"jetpack_social_post_already_shared":true,"jetpack_social_options":{"image_generator_settings":{"template":"highway","default_image_id":0,"font":"","enabled":false},"version":2},"_wpas_customize_per_network":false,"jetpack_post_was_ever_published":false},"categories":[780850294,780850257,780850273,780850209,780850302,780850290],"tags":[780850050,780850229,780850141,780850328,780849861],"class_list":["post-2012","post","type-post","status-publish","format-standard","has-post-thumbnail","hentry","category-biodiversidad","category-bioculturalidad","category-espiritualidad-intercultural","category-pensamiento-descolonial","category-resistencias","category-sitios-sagrados","tag-agroecologia","tag-ancestralidad","tag-eco-espiritualidad","tag-popocatepetl","tag-teologia-decolonial"],"jetpack_publicize_connections":[],"jetpack_likes_enabled":true,"jetpack_sharing_enabled":true,"jetpack_shortlink":"https:\/\/wp.me\/pgx1jY-ws","jetpack-related-posts":[{"id":2033,"url":"https:\/\/carlosmendozaalvarez.blog\/en\/2026\/07\/12\/vulnerabilis-humanitas\/","url_meta":{"origin":2012,"position":0},"title":"Vulnerabilis Humanitas","author":"mendocinomx","date":"12 de July de 2026","format":false,"excerpt":"Cr\u00f3nica del conversatorio sobre diversas lecturas de la Enc\u00edclica \"Magnifica Humanitas\" del Papa Le\u00f3n XIV sobre la Inteligencia artificial realizado en Chiapas esta semana. Se enfatizan las voces diversas desde la academia, el activismo social y el mundo de la cultura, con nuevos retos para \"desarmar el poder\" de la\u2026","rel":"","context":"In &quot;Cara a cara&quot;","block_context":{"text":"Cara a cara","link":"https:\/\/carlosmendozaalvarez.blog\/en\/category\/cara-a-cara\/"},"img":{"alt_text":"","src":"https:\/\/i0.wp.com\/carlosmendozaalvarez.blog\/wp-content\/uploads\/2026\/07\/Rebeca-Morimoto-Lima-2021.jpg?fit=1200%2C848&ssl=1&resize=350%2C200","width":350,"height":200,"srcset":"https:\/\/i0.wp.com\/carlosmendozaalvarez.blog\/wp-content\/uploads\/2026\/07\/Rebeca-Morimoto-Lima-2021.jpg?fit=1200%2C848&ssl=1&resize=350%2C200 1x, https:\/\/i0.wp.com\/carlosmendozaalvarez.blog\/wp-content\/uploads\/2026\/07\/Rebeca-Morimoto-Lima-2021.jpg?fit=1200%2C848&ssl=1&resize=525%2C300 1.5x, https:\/\/i0.wp.com\/carlosmendozaalvarez.blog\/wp-content\/uploads\/2026\/07\/Rebeca-Morimoto-Lima-2021.jpg?fit=1200%2C848&ssl=1&resize=700%2C400 2x, https:\/\/i0.wp.com\/carlosmendozaalvarez.blog\/wp-content\/uploads\/2026\/07\/Rebeca-Morimoto-Lima-2021.jpg?fit=1200%2C848&ssl=1&resize=1050%2C600 3x"},"classes":[]},{"id":2093,"url":"https:\/\/carlosmendozaalvarez.blog\/en\/2026\/08\/30\/semillero-en-gestacion-sobre-teologias-descoloniales-en-cholula\/","url_meta":{"origin":2012,"position":1},"title":"Seedbed in gestation on decolonial theologies in Cholula","author":"mendocinomx","date":"30 de August de 2026","format":false,"excerpt":"Relato de un camino de saberes que se encuentran en \"lugares\" donde es posible imaginar y crear v\u00ednculos de escucha mutua, entretejido de espiritualidades y pr\u00e1cticas de resistencia. Un semillero de teolog\u00edas descoloniales por celebrarse el pr\u00f3ximo a\u00f1o en Cholula, Puebla, ser\u00e1 la ocasi\u00f3n de sembrar semillas de dignidad y\u2026","rel":"","context":"In &quot;Autonom\u00edas&quot;","block_context":{"text":"Autonom\u00edas","link":"https:\/\/carlosmendozaalvarez.blog\/en\/category\/autonomias\/"},"img":{"alt_text":"","src":"https:\/\/i0.wp.com\/carlosmendozaalvarez.blog\/wp-content\/uploads\/2026\/08\/Amira-Rahim-Cholula-2017.jpg?fit=612%2C612&ssl=1&resize=350%2C200","width":350,"height":200,"srcset":"https:\/\/i0.wp.com\/carlosmendozaalvarez.blog\/wp-content\/uploads\/2026\/08\/Amira-Rahim-Cholula-2017.jpg?fit=612%2C612&ssl=1&resize=350%2C200 1x, https:\/\/i0.wp.com\/carlosmendozaalvarez.blog\/wp-content\/uploads\/2026\/08\/Amira-Rahim-Cholula-2017.jpg?fit=612%2C612&ssl=1&resize=525%2C300 1.5x"},"classes":[]},{"id":1238,"url":"https:\/\/carlosmendozaalvarez.blog\/en\/2025\/10\/10\/una-flor-de-composta\/","url_meta":{"origin":2012,"position":2},"title":"A compost flower","author":"mendocinomx","date":"10 de October de 2025","format":false,"excerpt":"At the end of September, more than eighty people from survivor groups around the world gathered for a meeting of mutual listening, deepened by thoughtful dialogues with university students and nourished by provocations from artist groups. We were received with the magnificent hospitality of...","rel":"","context":"In &quot;Espiritualidad liberadora&quot;","block_context":{"text":"Espiritualidad liberadora","link":"https:\/\/carlosmendozaalvarez.blog\/en\/category\/espiritualidad-liberadora\/"},"img":{"alt_text":"","src":"https:\/\/i0.wp.com\/carlosmendozaalvarez.blog\/wp-content\/uploads\/2025\/10\/Carlos-Mendoza-Re-existe-2025-Ritual-de-apertura-23-IX-25.jpeg?fit=1200%2C800&ssl=1&resize=350%2C200","width":350,"height":200,"srcset":"https:\/\/i0.wp.com\/carlosmendozaalvarez.blog\/wp-content\/uploads\/2025\/10\/Carlos-Mendoza-Re-existe-2025-Ritual-de-apertura-23-IX-25.jpeg?fit=1200%2C800&ssl=1&resize=350%2C200 1x, https:\/\/i0.wp.com\/carlosmendozaalvarez.blog\/wp-content\/uploads\/2025\/10\/Carlos-Mendoza-Re-existe-2025-Ritual-de-apertura-23-IX-25.jpeg?fit=1200%2C800&ssl=1&resize=525%2C300 1.5x, https:\/\/i0.wp.com\/carlosmendozaalvarez.blog\/wp-content\/uploads\/2025\/10\/Carlos-Mendoza-Re-existe-2025-Ritual-de-apertura-23-IX-25.jpeg?fit=1200%2C800&ssl=1&resize=700%2C400 2x, https:\/\/i0.wp.com\/carlosmendozaalvarez.blog\/wp-content\/uploads\/2025\/10\/Carlos-Mendoza-Re-existe-2025-Ritual-de-apertura-23-IX-25.jpeg?fit=1200%2C800&ssl=1&resize=1050%2C600 3x"},"classes":[]},{"id":1695,"url":"https:\/\/carlosmendozaalvarez.blog\/en\/2026\/02\/22\/somos-tierra-somos-viento\/","url_meta":{"origin":2012,"position":3},"title":"We are earth, we are wind","author":"mendocinomx","date":"22 de February de 2026","format":false,"excerpt":"The ancestral tradition of the Zinacanteco people of praying in the hills is told in its symbolic, ritual and spiritual sense as an invitation to connect with the earth and the wind, where it is possible to become a living body.","rel":"","context":"In &quot;Bioculturalidad&quot;","block_context":{"text":"Bioculturalidad","link":"https:\/\/carlosmendozaalvarez.blog\/en\/category\/bioculturalidad\/"},"img":{"alt_text":"","src":"https:\/\/i0.wp.com\/carlosmendozaalvarez.blog\/wp-content\/uploads\/2026\/02\/Blog-CMA-Plantilla-imagen-para-Photopea-2026.png?fit=1200%2C799&ssl=1&resize=350%2C200","width":350,"height":200,"srcset":"https:\/\/i0.wp.com\/carlosmendozaalvarez.blog\/wp-content\/uploads\/2026\/02\/Blog-CMA-Plantilla-imagen-para-Photopea-2026.png?fit=1200%2C799&ssl=1&resize=350%2C200 1x, https:\/\/i0.wp.com\/carlosmendozaalvarez.blog\/wp-content\/uploads\/2026\/02\/Blog-CMA-Plantilla-imagen-para-Photopea-2026.png?fit=1200%2C799&ssl=1&resize=525%2C300 1.5x, https:\/\/i0.wp.com\/carlosmendozaalvarez.blog\/wp-content\/uploads\/2026\/02\/Blog-CMA-Plantilla-imagen-para-Photopea-2026.png?fit=1200%2C799&ssl=1&resize=700%2C400 2x, https:\/\/i0.wp.com\/carlosmendozaalvarez.blog\/wp-content\/uploads\/2026\/02\/Blog-CMA-Plantilla-imagen-para-Photopea-2026.png?fit=1200%2C799&ssl=1&resize=1050%2C600 3x"},"classes":[]},{"id":1516,"url":"https:\/\/carlosmendozaalvarez.blog\/en\/2025\/12\/27\/navidad-en-lo-secreto\/","url_meta":{"origin":2012,"position":4},"title":"Secret Christmas","author":"mendocinomx","date":"27 de December de 2025","format":false,"excerpt":"Christmas Eve was shaping up to be different this year due to the change from Boston&#039;s frigid weather to the cold but sunny days of the Chiapas Highlands. Of course, it wasn&#039;t just a difference in climate, but above all, a difference in cultural worlds.","rel":"","context":"In &quot;Navidad&quot;","block_context":{"text":"Navidad","link":"https:\/\/carlosmendozaalvarez.blog\/en\/category\/navidad\/"},"img":{"alt_text":"","src":"https:\/\/i0.wp.com\/carlosmendozaalvarez.blog\/wp-content\/uploads\/2025\/12\/Carlos-Mendoza-Nacimiento-tsotsil-Nachig-Chiapas-2025.jpg?fit=1200%2C904&ssl=1&resize=350%2C200","width":350,"height":200,"srcset":"https:\/\/i0.wp.com\/carlosmendozaalvarez.blog\/wp-content\/uploads\/2025\/12\/Carlos-Mendoza-Nacimiento-tsotsil-Nachig-Chiapas-2025.jpg?fit=1200%2C904&ssl=1&resize=350%2C200 1x, https:\/\/i0.wp.com\/carlosmendozaalvarez.blog\/wp-content\/uploads\/2025\/12\/Carlos-Mendoza-Nacimiento-tsotsil-Nachig-Chiapas-2025.jpg?fit=1200%2C904&ssl=1&resize=525%2C300 1.5x, https:\/\/i0.wp.com\/carlosmendozaalvarez.blog\/wp-content\/uploads\/2025\/12\/Carlos-Mendoza-Nacimiento-tsotsil-Nachig-Chiapas-2025.jpg?fit=1200%2C904&ssl=1&resize=700%2C400 2x, https:\/\/i0.wp.com\/carlosmendozaalvarez.blog\/wp-content\/uploads\/2025\/12\/Carlos-Mendoza-Nacimiento-tsotsil-Nachig-Chiapas-2025.jpg?fit=1200%2C904&ssl=1&resize=1050%2C600 3x"},"classes":[]},{"id":1805,"url":"https:\/\/carlosmendozaalvarez.blog\/en\/2026\/04\/12\/de-manglares-esteros-y-mundos-otros\/","url_meta":{"origin":2012,"position":5},"title":"Of mangroves, estuaries and other worlds","author":"mendocinomx","date":"12 de April de 2026","format":false,"excerpt":"A story of daily life on the Chiapas coast, with its current population in Boca del Cielo and its Mixe-Zoque ancestry, as connections between ancient and new worlds.","rel":"","context":"In &quot;Chiapas&quot;","block_context":{"text":"Chiapas","link":"https:\/\/carlosmendozaalvarez.blog\/en\/category\/chiapas\/"},"img":{"alt_text":"","src":"https:\/\/i0.wp.com\/carlosmendozaalvarez.blog\/wp-content\/uploads\/2026\/04\/Carlos-Mendoza-Alvarez-Altar-con-rostro-murcielago-jaguar-serpiente-Iglesia-Vieja-Estructura-C-3-Tonala-Chiapas-2026.jpg?fit=842%2C1200&ssl=1&resize=350%2C200","width":350,"height":200,"srcset":"https:\/\/i0.wp.com\/carlosmendozaalvarez.blog\/wp-content\/uploads\/2026\/04\/Carlos-Mendoza-Alvarez-Altar-con-rostro-murcielago-jaguar-serpiente-Iglesia-Vieja-Estructura-C-3-Tonala-Chiapas-2026.jpg?fit=842%2C1200&ssl=1&resize=350%2C200 1x, https:\/\/i0.wp.com\/carlosmendozaalvarez.blog\/wp-content\/uploads\/2026\/04\/Carlos-Mendoza-Alvarez-Altar-con-rostro-murcielago-jaguar-serpiente-Iglesia-Vieja-Estructura-C-3-Tonala-Chiapas-2026.jpg?fit=842%2C1200&ssl=1&resize=525%2C300 1.5x, https:\/\/i0.wp.com\/carlosmendozaalvarez.blog\/wp-content\/uploads\/2026\/04\/Carlos-Mendoza-Alvarez-Altar-con-rostro-murcielago-jaguar-serpiente-Iglesia-Vieja-Estructura-C-3-Tonala-Chiapas-2026.jpg?fit=842%2C1200&ssl=1&resize=700%2C400 2x"},"classes":[]}],"jetpack_featured_media_url":"https:\/\/i0.wp.com\/carlosmendozaalvarez.blog\/wp-content\/uploads\/2026\/07\/Jorge-Gonzalez-Camarena.jpeg?fit=1200%2C1186&ssl=1","_links":{"self":[{"href":"https:\/\/carlosmendozaalvarez.blog\/en\/wp-json\/wp\/v2\/posts\/2012","targetHints":{"allow":["GET"]}}],"collection":[{"href":"https:\/\/carlosmendozaalvarez.blog\/en\/wp-json\/wp\/v2\/posts"}],"about":[{"href":"https:\/\/carlosmendozaalvarez.blog\/en\/wp-json\/wp\/v2\/types\/post"}],"author":[{"embeddable":true,"href":"https:\/\/carlosmendozaalvarez.blog\/en\/wp-json\/wp\/v2\/users\/266113673"}],"replies":[{"embeddable":true,"href":"https:\/\/carlosmendozaalvarez.blog\/en\/wp-json\/wp\/v2\/comments?post=2012"}],"version-history":[{"count":12,"href":"https:\/\/carlosmendozaalvarez.blog\/en\/wp-json\/wp\/v2\/posts\/2012\/revisions"}],"predecessor-version":[{"id":2026,"href":"https:\/\/carlosmendozaalvarez.blog\/en\/wp-json\/wp\/v2\/posts\/2012\/revisions\/2026"}],"wp:featuredmedia":[{"embeddable":true,"href":"https:\/\/carlosmendozaalvarez.blog\/en\/wp-json\/wp\/v2\/media\/2019"}],"wp:attachment":[{"href":"https:\/\/carlosmendozaalvarez.blog\/en\/wp-json\/wp\/v2\/media?parent=2012"}],"wp:term":[{"taxonomy":"category","embeddable":true,"href":"https:\/\/carlosmendozaalvarez.blog\/en\/wp-json\/wp\/v2\/categories?post=2012"},{"taxonomy":"post_tag","embeddable":true,"href":"https:\/\/carlosmendozaalvarez.blog\/en\/wp-json\/wp\/v2\/tags?post=2012"}],"curies":[{"name":"wp","href":"https:\/\/api.w.org\/{rel}","templated":true}]}}