{"id":1871,"date":"2026-05-17T01:50:41","date_gmt":"2026-05-17T07:50:41","guid":{"rendered":"https:\/\/carlosmendozaalvarez.blog\/?p=1871"},"modified":"2026-06-16T19:38:27","modified_gmt":"2026-06-17T01:38:27","slug":"de-mundos-alternos-que-se-tocan","status":"publish","type":"post","link":"https:\/\/carlosmendozaalvarez.blog\/en\/2026\/05\/17\/de-mundos-alternos-que-se-tocan\/","title":{"rendered":"Of alternate worlds that touch"},"content":{"rendered":"<p style=\"font-weight: 400; text-align: right;\">By Carlos Mendoza-\u00c1lvarez<\/p>\n<p style=\"font-weight: 400;\">Between postwar Europe and the Latin America and Caribbean of the modern mirage, there were flows of life and thought that went back and forth between both shores of the Atlantic. What was once the frontier of conquest, colonization, and evangelization\u2014with the Creole and mestizo creations that reinvented the West during the colonial period\u2014became in modern times an ocean of whispers of new worlds, sailing against the current of progress and industrialization.<\/p>\n<p style=\"font-weight: 400;\">The 1960s saw the emergence in Cuernavaca, Mexico, of a river of thought flowing &quot;north of the future,&quot; as Ivan Illich liked to describe the future arriving to us here and now, quoting the poem by Paul Celan, that Romanian-Jewish author who fascinated him so much:<\/p>\n<p style=\"font-weight: 400; text-align: center;\">In the rivers, to the north of the future,<br \/>\nI lay the net that you<br \/>\nhesitant loads<br \/>\nwriting on stones,<br \/>\nshades.<\/p>\n<p style=\"font-weight: 400; text-align: center;\">In my hand autumn eats its leaf: we are friends.<br \/>\nWe extract time from nuts and teach it to walk:<br \/>\ntime returns to the nut.<\/p>\n<p style=\"font-weight: 400; text-align: center;\">It&#039;s Sunday in the mirror,<br \/>\nIn sleep one sleeps,<br \/>\nThe mouth speaks the truth.<\/p>\n<p style=\"font-weight: 400; text-align: center;\">My eye ascends to the sex of my beloved:<br \/>\nWe looked at each other,<br \/>\nWe say dark words to each other,<br \/>\nWe love each other as poppies and memory love each other,<br \/>\nwe fell asleep like wine in bowls,<br \/>\nlike the sea in the bloody ray of the moon.<\/p>\n<p style=\"font-weight: 400; text-align: center;\">We stand embraced at the window, they can see us from the street:<br \/>\nIt&#039;s time this was known.,<br \/>\nIt is time for the stone to bloom,<br \/>\nthat a heart beats in the restlessness.<br \/>\nIt&#039;s time for it to be time.<\/p>\n<p style=\"font-weight: 400; text-align: center;\">It&#039;s time.<\/p>\n<p style=\"text-align: center;\">\u2202<\/p>\n<p style=\"font-weight: 400;\">Austrian researcher Isabella Bruckner, a young professor at the Benedictine Athenaeum of Saint Anselm in Rome, who is now moving to Freiburg im Breisgau, organized a European colloquium to delve into the theological legacy of Ivan Illich, tracing the genealogy of his deepest intuitions about the crisis of instrumental modernity, which arose from what he called the perversion of Christianity.<\/p>\n<p style=\"font-weight: 400;\">Together with Professor Martin Kirschner of the Catholic University of Eichst\u00e4tt in Bavaria, I was invited to give a joint presentation comparing the political theology emerging in certain parts of Germany and Mexico, inspired by Illich&#039;s intuitions and ideas. The challenge was twofold: to find common ground and an appropriate language to account for experiences of <em>proximity<\/em> \u00a0and <em>conviviality<\/em> in countries so disparate in their political cultures: the German people currently grappling with the European Union&#039;s complicity as an ally of Israel and the United States in their geopolitical war in the Middle East, and the Mexican people seduced by the siren song of the Fourth Transformation and the roar of the World Cup, which silences the tragedy of the disappeared and the corruption of the <em>narco-government<\/em> in a large part of the country&#039;s territory.<\/p>\n<p style=\"font-weight: 400;\">When I was invited to participate, I suggested to the organizer that she invite people who for years have been inspired by Illich&#039;s thought, particularly Javier Sicilia, Sylvia Marcos, Roberto Ochoa, and Rafael Mondrag\u00f3n, who are little known in European academia. So I undertook the task of presenting in my paper the central ideas of this critical dialogue on what Humberto Beck called the Cuernavaca School, with the Hebrew and Christian thinker of proximity and conviviality. I emphasized the new paths emerging in Mexico and other parts of the world. <em>world below and of the peripheries<\/em> From the centers of hegemonic power, where resistances flow as other ways of eating, healing and educating \u2014as the late Gustavo Esteva said speaking of revolutionary verbs\u2014 to promote territorial, epistemic and spiritual autonomies that sustain communities and peoples who face the many-headed hydra that devours the world.<\/p>\n<p style=\"font-weight: 400;\">One of the Illichan themes that most impacted colleagues in Germany during the COVID-19 pandemic was his critique of the pharmaceutical industry, promoted by Western democratic governments that imposed public health policies without considering the autonomy of individuals and communities in choosing the most appropriate ways to confront the pandemic. My German colleagues, Martin Kirschner and Markus Riedenauer, emphasized the continued relevance of this critique of the state&#039;s power to impose mandatory vaccination programs, disregarding the serious scientific objections to the indiscriminate use of vaccines and the effects they caused in the population.<\/p>\n<p style=\"font-weight: 400;\">Another recurring theme in the Rome debates was that of the territorial, epistemic, and cultural autonomies that arise from placing face-to-face proximity at the center of life, or, in Illich&#039;s words, the <em>conviviality<\/em> as a mode of existence and the <em>place<\/em> which is inhabited with the strength of the vernacular. Both in Europe and in Latin America and the Caribbean, these autonomies have been gaining ground in recent decades, with the conquest of bodies and territories by women, indigenous peoples and collectives <em>queer\/cuir&nbsp;<\/em>\/queir, among other resistance groups.<\/p>\n<p style=\"font-weight: 400;\">European colleagues were surprised by the diverse approaches to the ethical, political, and spiritual implications of the work of the migrant thinker Ivan Illich. From his diaspora from the clerical Church to his return to medieval classics like Hugh of Saint Victor\u2014and through his time living with Puerto Rican communities in New York and later with peasant communities in Cuernavaca\u2014Illich bore witness to these other worlds that intersect. Fabio Milana, editor, along with Giorgio Agamben, of Illich&#039;s work in Italian, presented a gem of archival research from the Illich family to recount Ivan&#039;s &quot;vocation,&quot; as the young son of a Jewish mother and a Christian father, who cultivated from childhood and adolescence a passion for the thought that arose from Christianity as the event of the Incarnation of the Word of God. This core would later remain as an ember in the work of the migrant thinker to this day, in which we now recover Illich&#039;s pristine vision of a powerless church.<\/p>\n<p style=\"font-weight: 400;\">The proposal to continue exploring Illich&#039;s thought from its various perspectives, both European and Latin American, remains open. We hope to organize a meeting in Cuernavaca that will foster these dialogues and new ways of living together in the conviviality of those who resist the era of the system, reclaiming place and vernacular culture as cornerstones of another possible modernity.<\/p>\n<p style=\"font-weight: 400; text-align: center;\">\u2202<\/p>\n<p style=\"font-weight: 400;\">This week, cultural writing and painting workshops begin in Sots&#039;leb, as part of the preparations for the commemoration of the 500th anniversary of the Chiapas Revolution, which will take place on Saturday, June 6th in Zinacant\u00e1n.<\/p>\n<p style=\"font-weight: 400;\">I have been fortunate to contribute to the organization of these events, led by Ant\u00fan Kojtom, a Tseltal painter from Tenejapa, and Xun Bet\u00e1n, a Tsotsil anthropologist and poet from Venustiano Carranza. These acts of collective memory seek to explore the enduring presence of the cultures of the Chiapas Highlands and their encounter with the Dominican friars in a dialogue that began five hundred years ago.<\/p>\n<p style=\"font-weight: 400;\">A mural on the esplanade outside the San Lorenzo M\u00e1rtir temple in Zinacant\u00e1n will depict scenes from the ancestral religion of the Tsotsil people, such as prayers on the hills led by the <em>Jiloletic<\/em>, The blessing of the grandmothers and the importance of traditional roles as a bond within the community are also depicted. As part of this ancestral history, the mural&#039;s center features a scene of an imagined encounter between a Jilol, or Tsotsil seer, and Friar Bartolom\u00e9 de Las Casas, accompanied behind him by other friars who safeguarded the legacy of the Gospel linked to the defense of the people&#039;s rights, such as Friar Mat\u00edas de C\u00f3rdoba, who contributed to the independence of Chiapas, and, more recently, Friar Ra\u00fal Vera. <em>jTatic<\/em> Samuel Ruiz walking with the Mayan people. And on the far right of the mural, the master Ant\u00fan created a beautiful scene of the dialogue between the sage of Pochutla. <em>Chan ak&#039;abal<\/em> or night serpent, and Friar Pedro Lorenzo de la Nada, both sitting under a ceiba tree, the sacred tree of the Maya of the Lacandon Jungle, listening to each other: the friar speaking with eloquence and respect, the wise Maya pointing to the earth and touching his heart.<\/p>\n<p style=\"font-weight: 400;\">Those who can attend on Saturday, June 6th in Zinacant\u00e1n will be able to participate in the unveiling of the mural, accompanied by Tsotsil poetry and traditional music, thus reaffirming the dialogue of knowledge that we seek to continue promoting between friars and Tsotsil communities, and strengthening the life of the people with the vital sap of their ancestral traditions and the prophetic force of the Gospel.<\/p>\n<p style=\"font-weight: 400; text-align: right;\">Rome, May 17, 2026<\/p>","protected":false},"excerpt":{"rendered":"<p>Account of the colloquium on the work of Ivan Illich as a theologian, held in Rome, where the similarities and differences in approach to the legacy of the thinker of conviviality are narrated.<\/p>","protected":false},"author":266113673,"featured_media":1875,"comment_status":"open","ping_status":"open","sticky":false,"template":"","format":"standard","meta":{"postBodyCss":"","postBodyMargin":[],"postBodyPadding":[],"postBodyBackground":{"backgroundType":"classic","gradient":""},"_jetpack_newsletter_access":"","_jetpack_dont_email_post_to_subs":false,"_jetpack_newsletter_tier_id":0,"_jetpack_memberships_contains_paywalled_content":false,"_wpcom_ai_launchpad_first_post":false,"_jetpack_feature_clip_id":0,"_jetpack_memberships_contains_paid_content":false,"footnotes":"","jetpack_publicize_message":"{title}\n\n{excerpt}\n\n{url}","jetpack_publicize_feature_enabled":true,"jetpack_social_post_already_shared":true,"jetpack_social_options":{"image_generator_settings":{"template":"highway","default_image_id":0,"font":"","enabled":false},"version":2},"_wpas_customize_per_network":false,"jetpack_post_was_ever_published":false},"categories":[780850261,780850280,780850241,780850302],"tags":[780850306,780850303,780850182,780849833,780849832,780850173,780850305,780850308,780850304,780849835,780850307],"class_list":["post-1871","post","type-post","status-publish","format-standard","has-post-thumbnail","hentry","category-dominicos","category-fe-y-razon","category-proximidad","category-resistencias","tag-antun-kojtom","tag-convivencialidad","tag-escuela-de-cuernavaca","tag-gustavo-esteva","tag-ivan-illich","tag-javier-sicilia","tag-lugar","tag-paul-celan","tag-proximidad","tag-sylvia-marcos","tag-xun-betan"],"jetpack_publicize_connections":[],"jetpack_likes_enabled":true,"jetpack_sharing_enabled":true,"jetpack_shortlink":"https:\/\/wp.me\/pgx1jY-ub","jetpack-related-posts":[{"id":1858,"url":"https:\/\/carlosmendozaalvarez.blog\/en\/2026\/05\/08\/la-otra-europa\/","url_meta":{"origin":1871,"position":0},"title":"The other Europe","author":"mendocinomx","date":"8 de May de 2026","format":false,"excerpt":"A narrative of his stay in Germany and Poland where the author recounts his encounters and reflections on other faces of Europe, especially the Baltic Sea and its current inhabitants, with a memory of their Gothic past and the ancient and new invasions they have faced.","rel":"","context":"In &quot;Alteridad&quot;","block_context":{"text":"Alteridad","link":"https:\/\/carlosmendozaalvarez.blog\/en\/category\/alteridad\/"},"img":{"alt_text":"","src":"https:\/\/i0.wp.com\/carlosmendozaalvarez.blog\/wp-content\/uploads\/2026\/05\/Carlos-Mendoza-Castillo-de-Malbork-Pomerania-Polonia-2026.jpg?fit=1200%2C900&ssl=1&resize=350%2C200","width":350,"height":200,"srcset":"https:\/\/i0.wp.com\/carlosmendozaalvarez.blog\/wp-content\/uploads\/2026\/05\/Carlos-Mendoza-Castillo-de-Malbork-Pomerania-Polonia-2026.jpg?fit=1200%2C900&ssl=1&resize=350%2C200 1x, https:\/\/i0.wp.com\/carlosmendozaalvarez.blog\/wp-content\/uploads\/2026\/05\/Carlos-Mendoza-Castillo-de-Malbork-Pomerania-Polonia-2026.jpg?fit=1200%2C900&ssl=1&resize=525%2C300 1.5x, https:\/\/i0.wp.com\/carlosmendozaalvarez.blog\/wp-content\/uploads\/2026\/05\/Carlos-Mendoza-Castillo-de-Malbork-Pomerania-Polonia-2026.jpg?fit=1200%2C900&ssl=1&resize=700%2C400 2x, https:\/\/i0.wp.com\/carlosmendozaalvarez.blog\/wp-content\/uploads\/2026\/05\/Carlos-Mendoza-Castillo-de-Malbork-Pomerania-Polonia-2026.jpg?fit=1200%2C900&ssl=1&resize=1050%2C600 3x"},"classes":[]},{"id":2033,"url":"https:\/\/carlosmendozaalvarez.blog\/en\/2026\/07\/12\/vulnerabilis-humanitas\/","url_meta":{"origin":1871,"position":1},"title":"Vulnerabilis Humanitas","author":"mendocinomx","date":"12 de July de 2026","format":false,"excerpt":"Cr\u00f3nica del conversatorio sobre diversas lecturas de la Enc\u00edclica \"Magnifica Humanitas\" del Papa Le\u00f3n XIV sobre la Inteligencia artificial realizado en Chiapas esta semana. Se enfatizan las voces diversas desde la academia, el activismo social y el mundo de la cultura, con nuevos retos para \"desarmar el poder\" de la\u2026","rel":"","context":"In &quot;Cara a cara&quot;","block_context":{"text":"Cara a cara","link":"https:\/\/carlosmendozaalvarez.blog\/en\/category\/cara-a-cara\/"},"img":{"alt_text":"","src":"https:\/\/i0.wp.com\/carlosmendozaalvarez.blog\/wp-content\/uploads\/2026\/07\/Rebeca-Morimoto-Lima-2021.jpg?fit=1200%2C848&ssl=1&resize=350%2C200","width":350,"height":200,"srcset":"https:\/\/i0.wp.com\/carlosmendozaalvarez.blog\/wp-content\/uploads\/2026\/07\/Rebeca-Morimoto-Lima-2021.jpg?fit=1200%2C848&ssl=1&resize=350%2C200 1x, https:\/\/i0.wp.com\/carlosmendozaalvarez.blog\/wp-content\/uploads\/2026\/07\/Rebeca-Morimoto-Lima-2021.jpg?fit=1200%2C848&ssl=1&resize=525%2C300 1.5x, https:\/\/i0.wp.com\/carlosmendozaalvarez.blog\/wp-content\/uploads\/2026\/07\/Rebeca-Morimoto-Lima-2021.jpg?fit=1200%2C848&ssl=1&resize=700%2C400 2x, https:\/\/i0.wp.com\/carlosmendozaalvarez.blog\/wp-content\/uploads\/2026\/07\/Rebeca-Morimoto-Lima-2021.jpg?fit=1200%2C848&ssl=1&resize=1050%2C600 3x"},"classes":[]},{"id":1779,"url":"https:\/\/carlosmendozaalvarez.blog\/en\/2026\/04\/02\/trilogia-cuaresmal-en-los-altos-de-chiapas\/","url_meta":{"origin":1871,"position":2},"title":"Lenten Trilogy in the Highlands of Chiapas","author":"mendocinomx","date":"2 de April de 2026","format":false,"excerpt":"By Carlos Mendoza \u00c1lvarez. The fourth Friday of Lent is a Zinacantecan tradition to begin rituals to cover the saints&#039; faces with purple cloths and place flower mats at their feet, accompanied by prayers, candles, incense, and ancestral music, to prepare them for Holy Week, which will be the\u2026","rel":"","context":"In &quot;Sin categor\u00eda&quot;","block_context":{"text":"Sin categor\u00eda","link":"https:\/\/carlosmendozaalvarez.blog\/en\/category\/sin-categoria-es\/"},"img":{"alt_text":"","src":"https:\/\/i0.wp.com\/carlosmendozaalvarez.blog\/wp-content\/uploads\/2026\/04\/WhatsApp-Image-2026-04-01-at-15.25.25.jpeg?fit=900%2C1200&ssl=1&resize=350%2C200","width":350,"height":200,"srcset":"https:\/\/i0.wp.com\/carlosmendozaalvarez.blog\/wp-content\/uploads\/2026\/04\/WhatsApp-Image-2026-04-01-at-15.25.25.jpeg?fit=900%2C1200&ssl=1&resize=350%2C200 1x, https:\/\/i0.wp.com\/carlosmendozaalvarez.blog\/wp-content\/uploads\/2026\/04\/WhatsApp-Image-2026-04-01-at-15.25.25.jpeg?fit=900%2C1200&ssl=1&resize=525%2C300 1.5x, https:\/\/i0.wp.com\/carlosmendozaalvarez.blog\/wp-content\/uploads\/2026\/04\/WhatsApp-Image-2026-04-01-at-15.25.25.jpeg?fit=900%2C1200&ssl=1&resize=700%2C400 2x"},"classes":[]},{"id":1998,"url":"https:\/\/carlosmendozaalvarez.blog\/en\/2026\/06\/29\/el-primer-cumpleanos-de-mi-blog\/","url_meta":{"origin":1871,"position":3},"title":"My blog&#039;s first birthday","author":"mendocinomx","date":"29 de June de 2026","format":false,"excerpt":"A year&#039;s account of learning on the blog as a digital communication space to weave voices for a slightly more humane world, with emphasis on the generational change that the transition from analog to digital entailed.","rel":"","context":"In &quot;Esperanza&quot;","block_context":{"text":"Esperanza","link":"https:\/\/carlosmendozaalvarez.blog\/en\/category\/esperanza\/"},"img":{"alt_text":"","src":"https:\/\/i0.wp.com\/carlosmendozaalvarez.blog\/wp-content\/uploads\/2026\/06\/Denilson-Baniwa.-Curumim-guardador-de-memorias-2018.-Foto-Rafaela-Campos-Alves.png?fit=1200%2C898&ssl=1&resize=350%2C200","width":350,"height":200,"srcset":"https:\/\/i0.wp.com\/carlosmendozaalvarez.blog\/wp-content\/uploads\/2026\/06\/Denilson-Baniwa.-Curumim-guardador-de-memorias-2018.-Foto-Rafaela-Campos-Alves.png?fit=1200%2C898&ssl=1&resize=350%2C200 1x, https:\/\/i0.wp.com\/carlosmendozaalvarez.blog\/wp-content\/uploads\/2026\/06\/Denilson-Baniwa.-Curumim-guardador-de-memorias-2018.-Foto-Rafaela-Campos-Alves.png?fit=1200%2C898&ssl=1&resize=525%2C300 1.5x, https:\/\/i0.wp.com\/carlosmendozaalvarez.blog\/wp-content\/uploads\/2026\/06\/Denilson-Baniwa.-Curumim-guardador-de-memorias-2018.-Foto-Rafaela-Campos-Alves.png?fit=1200%2C898&ssl=1&resize=700%2C400 2x, https:\/\/i0.wp.com\/carlosmendozaalvarez.blog\/wp-content\/uploads\/2026\/06\/Denilson-Baniwa.-Curumim-guardador-de-memorias-2018.-Foto-Rafaela-Campos-Alves.png?fit=1200%2C898&ssl=1&resize=1050%2C600 3x"},"classes":[]},{"id":2078,"url":"https:\/\/carlosmendozaalvarez.blog\/en\/2026\/08\/23\/entre-benin-porto-alegre-y-puebla\/","url_meta":{"origin":1871,"position":4},"title":"Between Benin, Porto Alegre and Puebla","author":"mendocinomx","date":"23 de August de 2026","format":false,"excerpt":"A chronicle of the impact of the World Social Forum in Benin in 2026, with the challenges it presented to a new generation of theologians returning to the spirit of Porto Alegre in a new context of global systemic violence. A story that connects with the anniversary of\u2026","rel":"","context":"In &quot;Autonom\u00edas&quot;","block_context":{"text":"Autonom\u00edas","link":"https:\/\/carlosmendozaalvarez.blog\/en\/category\/autonomias\/"},"img":{"alt_text":"","src":"https:\/\/i0.wp.com\/carlosmendozaalvarez.blog\/wp-content\/uploads\/2026\/08\/Carlos-Mendoza-Edificio-Carolino-Pasillos-del-Tercer-Claustro-Puebla-2026-.jpeg?fit=900%2C1200&ssl=1&resize=350%2C200","width":350,"height":200,"srcset":"https:\/\/i0.wp.com\/carlosmendozaalvarez.blog\/wp-content\/uploads\/2026\/08\/Carlos-Mendoza-Edificio-Carolino-Pasillos-del-Tercer-Claustro-Puebla-2026-.jpeg?fit=900%2C1200&ssl=1&resize=350%2C200 1x, https:\/\/i0.wp.com\/carlosmendozaalvarez.blog\/wp-content\/uploads\/2026\/08\/Carlos-Mendoza-Edificio-Carolino-Pasillos-del-Tercer-Claustro-Puebla-2026-.jpeg?fit=900%2C1200&ssl=1&resize=525%2C300 1.5x, https:\/\/i0.wp.com\/carlosmendozaalvarez.blog\/wp-content\/uploads\/2026\/08\/Carlos-Mendoza-Edificio-Carolino-Pasillos-del-Tercer-Claustro-Puebla-2026-.jpeg?fit=900%2C1200&ssl=1&resize=700%2C400 2x"},"classes":[]},{"id":1546,"url":"https:\/\/carlosmendozaalvarez.blog\/en\/2026\/01\/10\/tiempo-de-guerra-y-tiempo-de-paz\/","url_meta":{"origin":1871,"position":5},"title":"Time of war and time of peace","author":"mendocinomx","date":"10 de January de 2026","format":false,"excerpt":"We began the new year 2026 with the deployment of US military might very close to us in the Caribbean Sea. But we ignored these signs in the Western Hemisphere. We thought that Latin America and the Caribbean would be safe from Uncle Sam&#039;s neocolonialism because we had overcome his\u2026","rel":"","context":"In &quot;Neocolonialismo&quot;","block_context":{"text":"Neocolonialismo","link":"https:\/\/carlosmendozaalvarez.blog\/en\/category\/neocolonialismo\/"},"img":{"alt_text":"","src":"https:\/\/i0.wp.com\/carlosmendozaalvarez.blog\/wp-content\/uploads\/2026\/01\/Absolution-2026.webp?fit=1059%2C1200&ssl=1&resize=350%2C200","width":350,"height":200,"srcset":"https:\/\/i0.wp.com\/carlosmendozaalvarez.blog\/wp-content\/uploads\/2026\/01\/Absolution-2026.webp?fit=1059%2C1200&ssl=1&resize=350%2C200 1x, https:\/\/i0.wp.com\/carlosmendozaalvarez.blog\/wp-content\/uploads\/2026\/01\/Absolution-2026.webp?fit=1059%2C1200&ssl=1&resize=525%2C300 1.5x, https:\/\/i0.wp.com\/carlosmendozaalvarez.blog\/wp-content\/uploads\/2026\/01\/Absolution-2026.webp?fit=1059%2C1200&ssl=1&resize=700%2C400 2x, https:\/\/i0.wp.com\/carlosmendozaalvarez.blog\/wp-content\/uploads\/2026\/01\/Absolution-2026.webp?fit=1059%2C1200&ssl=1&resize=1050%2C600 3x"},"classes":[]}],"jetpack_featured_media_url":"https:\/\/i0.wp.com\/carlosmendozaalvarez.blog\/wp-content\/uploads\/2026\/05\/Street-Art-Elogio-de-la-bicicleta-Buenos-Aires-2015-.jpg?fit=1024%2C768&ssl=1","_links":{"self":[{"href":"https:\/\/carlosmendozaalvarez.blog\/en\/wp-json\/wp\/v2\/posts\/1871","targetHints":{"allow":["GET"]}}],"collection":[{"href":"https:\/\/carlosmendozaalvarez.blog\/en\/wp-json\/wp\/v2\/posts"}],"about":[{"href":"https:\/\/carlosmendozaalvarez.blog\/en\/wp-json\/wp\/v2\/types\/post"}],"author":[{"embeddable":true,"href":"https:\/\/carlosmendozaalvarez.blog\/en\/wp-json\/wp\/v2\/users\/266113673"}],"replies":[{"embeddable":true,"href":"https:\/\/carlosmendozaalvarez.blog\/en\/wp-json\/wp\/v2\/comments?post=1871"}],"version-history":[{"count":10,"href":"https:\/\/carlosmendozaalvarez.blog\/en\/wp-json\/wp\/v2\/posts\/1871\/revisions"}],"predecessor-version":[{"id":1981,"href":"https:\/\/carlosmendozaalvarez.blog\/en\/wp-json\/wp\/v2\/posts\/1871\/revisions\/1981"}],"wp:featuredmedia":[{"embeddable":true,"href":"https:\/\/carlosmendozaalvarez.blog\/en\/wp-json\/wp\/v2\/media\/1875"}],"wp:attachment":[{"href":"https:\/\/carlosmendozaalvarez.blog\/en\/wp-json\/wp\/v2\/media?parent=1871"}],"wp:term":[{"taxonomy":"category","embeddable":true,"href":"https:\/\/carlosmendozaalvarez.blog\/en\/wp-json\/wp\/v2\/categories?post=1871"},{"taxonomy":"post_tag","embeddable":true,"href":"https:\/\/carlosmendozaalvarez.blog\/en\/wp-json\/wp\/v2\/tags?post=1871"}],"curies":[{"name":"wp","href":"https:\/\/api.w.org\/{rel}","templated":true}]}}