{"id":1858,"date":"2026-05-08T00:36:36","date_gmt":"2026-05-08T06:36:36","guid":{"rendered":"https:\/\/carlosmendozaalvarez.blog\/?p=1858"},"modified":"2026-05-08T00:37:15","modified_gmt":"2026-05-08T06:37:15","slug":"la-otra-europa","status":"publish","type":"post","link":"https:\/\/carlosmendozaalvarez.blog\/en\/2026\/05\/08\/la-otra-europa\/","title":{"rendered":"The other Europe"},"content":{"rendered":"<p style=\"font-weight: 400; text-align: right;\">By Carlos Mendoza-\u00c1lvarez<\/p>\n<p style=\"font-weight: 400;\">I am in Europe for a few weeks, enjoying time to read and write, fundamental acts of culture, so sorely missed in Boston and now in Chiapas. I am able to enjoy this time thanks to the hospitality of a good colleague and friend, Professor Martin Kirschner, and this space of <em>studium<\/em>, which offers me the opportunity to give some classes and lectures at this university in the interior of Bavaria.<\/p>\n<p style=\"font-weight: 400;\">For years, my friend Piotr, originally from Silesia in southern Poland, had invited me to visit him and his family in Pomerania. I had no idea where this place was, with a name that reminded me of the novel The Lord of the Rings, until a few weeks ago when I was preparing my trip from Eichst\u00e4tt.<\/p>\n<p style=\"font-weight: 400;\">A long weekend during the German stay provided the perfect opportunity to travel to the Baltic Sea coast, landing in Gdansk, a port that symbolizes the modern-day labor movement. <em>Solidarno\u015b\u0107 <\/em>led by Lech Walesa, which initiated the collapse of the Iron Curtain, with the manipulation of the famous Wojtyla-Regan-Thatcher trinity, which took advantage of that historical juncture of the crack opened by the Polish working class to advance its geopolitical agenda.<\/p>\n<p style=\"font-weight: 400;\">Having just arrived in this coastal land, a stroll through the historic center was a must. Piotr took great care in recounting the history of the Teutonic Knights who ruled and administered these lands from the 13th century, as a precursor to the Prussian Empire which, later, in modern times, would command its armies to extend its power over all the Slavic nations, from Poland and the Czech Republic to Hungary. After the failure of their mission to guard the Holy Land, this militia of medieval and early modern Christendom transitioned to a far-reaching territorial power until the beginning of the 15th century, when it moved to K\u00f6nigsberg and then to Austria during the Prussian era. Europe&#039;s largest castle is located in Pomerania, in the city of Malbork, with its red bricks typical of Baltic Gothic architecture that, at sunset in spring, shine like fire on the banks of the Nogat River, a tributary of the Vistula, which runs from south to north through all of Poland, from Silesia to the Baltic.<\/p>\n<p style=\"font-weight: 400;\">For Poles today, those Gothic roots are part of their cultural identity, although they maintain a distance from neighboring and wealthy Germany, as well as from Imperial Russia, which is once again a real threat of war and invasion in the region.<\/p>\n<p style=\"font-weight: 400;\">I also sensed that fear of war in my conversations with colleagues in Eichst\u00e4tt, both because of the Russian threat and Trump&#039;s unbridled power. The complicit silence of the European Union and NATO in supporting the US and Israeli arms industries during this time of genocide in Gaza and the West Bank, the invasion of Lebanon, and the war with Iran will soon bear bitter fruit for Europe. What worries those most aware of the current civilizational crisis is the dismantling of international law being carried out by that &quot;handful of tyrants,&quot; as Pope Leo XIV called them, who control the world through global war.<\/p>\n<p style=\"font-weight: 400;\">Once in Pomerania, I had the opportunity to visit some inland villages which, according to my hosts Piotr and Aga, are in the poorest region of present-day Poland. Peasant farms are scattered across rolling hills, where grains, potatoes, and fodder for livestock are grown in spring and summer. There are also small towns with good roads and urban planning. A strong agricultural culture is evident, blended with a rural atmosphere, where the arts and sports are integral to the daily lives of families.<\/p>\n<p style=\"font-weight: 400;\">Aga is a painter who has opened her studio-gallery, Ligo, in the barn of the old farmhouse, where she presents exhibitions of her paintings once a year. These exhibitions primarily feature nudes and portraits with a somewhat Impressionist, colorful, and naive style. When we visited the beach in the famous resort town of Sopot, on the shores of the Baltic Sea, I could see how much the whole family, including her three intelligent and beautiful daughters, enjoyed the sea in springtime. I sensed there a kind of poetic recreation that springs from the Baltic soul.<\/p>\n<p style=\"font-weight: 400;\">During a conversation with friends of Piotr and Aga, particularly with a psychotherapist from Gdansk, the topic arose of the vulnerability of rural Polish youth to the uncertainty of work and war, which contributes to a growing social isolation, with the inability to form personal bonds beyond their virtual circle.<\/p>\n<p style=\"font-weight: 400;\">I perceived other faces of Europe in Pomerania, today marked by uncertainty and the still-present trauma of the war.<\/p>\n<p style=\"font-weight: 400;\">I&#039;ve been discussing this other Europe with my friend Martin for at least five years, ever since he first invited me to Eichst\u00e4tt in 2021 to talk about political theology for Europe in times of increasing polarization. In that discussion, at the beginning of the COVID-19 pandemic, the conversation revolved around how to improve the conditions for democratic life in this region of the world, with the unquestionable value, at that time, of international law and human rights as a universal framework for coexistence among nations. Five years later, politics seems to be playing out on an even more fundamental level: that of survival in a context of global war, facing lethal transnational networks.<\/p>\n<p style=\"font-weight: 400; text-align: center;\">\u2202<\/p>\n<p style=\"font-weight: 400;\">Next week I will participate, together with my German friend, in an international colloquium organized by my Austrian colleague Isabella Bruckner, at the Anselmian Athenaeum of the Benedictines in Rome, on the theological legacy of Ivan Illich, on the centenary of his birth.<\/p>\n<p style=\"font-weight: 400;\">As in many places around the world, people from academia and social movements are now rereading his work to find light in the darkness of this civilizational crisis that we are going through as humanity.<\/p>\n<p style=\"font-weight: 400;\">I became acquainted with Illich&#039;s work thanks to Javier Sicilia and Jean Robert, who, since 1996 in the Bajo el Volc\u00e1n bookstore, were discussing my doctoral thesis <em>Deus Liberans<\/em> \u2014where I traced a genealogy of modernity as a denial of the other, the Indian, following Las Casas and Dussel in discussion with Levinas and Ricoeur\u2014both mentioned the urgency of returning to Illich because of his devastating critique of the era of systems. Since then, I have continued reading the Austrian thinker, participated in colloquia in Cuernavaca, and organized roundtables on his legacy, first at the Universidad Iberoamericana in Mexico City and later at Boston College.<\/p>\n<p style=\"font-weight: 400;\">Illich is almost always read as a critical thinker of instrumental reason, but without considering his theological background. This was the astute approach of Gustavo Esteva, for whom Illich&#039;s contribution stood on its own as a philosophy of proximity and critique of systems, but without its connection to Christianity. Gustavo disagreed with this approach during our conversations in Santa Fe.<\/p>\n<p style=\"font-weight: 400;\">That is why the Rome colloquium seems so relevant to me today, because it is about seeking the source. <em>theological<\/em> From Illich&#039;s critique of modernity, to enrich the analysis arising from secularized thought. In this way, it will be possible, in my view, to contribute to making visible and promoting the spiritualities of resistance, those woven by the victims of the systems age as survivors of the logic of the machine and the algorithm. We will discuss experiences of conviviality in Germany during COVID-19, resistances of autonomy of bodies and territories in Mexico, as well as forms of proximity, the recovery of the vernacular, and the radical nature of care as clues to confronting the systemic violence that often overwhelms us.<\/p>\n<p style=\"font-weight: 400;\">In the next post I will tell you my impressions about that meeting that will take place on the Aventine Hill in Rome.<\/p>\n<p style=\"text-align: right;\">Ko\u015blinka and Eichst\u00e4tt, May 8, 2026<\/p>","protected":false},"excerpt":{"rendered":"<p>A narrative of his stay in Germany and Poland where the author recounts his encounters and reflections on other faces of Europe, especially the Baltic Sea and its current inhabitants, with a memory of their Gothic past and the ancient and new invasions they have faced.<\/p>","protected":false},"author":266113673,"featured_media":1864,"comment_status":"open","ping_status":"open","sticky":false,"template":"","format":"standard","meta":{"postBodyCss":"","postBodyMargin":[],"postBodyPadding":[],"postBodyBackground":{"backgroundType":"classic","gradient":""},"_jetpack_newsletter_access":"","_jetpack_dont_email_post_to_subs":false,"_jetpack_newsletter_tier_id":0,"_jetpack_memberships_contains_paywalled_content":false,"_wpcom_ai_launchpad_first_post":false,"_jetpack_feature_clip_id":0,"_jetpack_memberships_contains_paid_content":false,"footnotes":"","jetpack_publicize_message":"{title}\n\n{excerpt}\n\n{url}","jetpack_publicize_feature_enabled":true,"jetpack_social_post_already_shared":true,"jetpack_social_options":{"image_generator_settings":{"template":"highway","default_image_id":0,"font":"","enabled":false},"version":2},"_wpas_customize_per_network":false,"jetpack_post_was_ever_published":false},"categories":[780850235,780850300,780850299,780850298],"tags":[780849775,780850301,780849832],"class_list":["post-1858","post","type-post","status-publish","format-standard","has-post-thumbnail","hentry","category-alteridad","category-lugar","category-proximidad-guerra","category-universidad","tag-colonialismo","tag-crisis-civilizatoria","tag-ivan-illich"],"jetpack_publicize_connections":[],"jetpack_likes_enabled":true,"jetpack_sharing_enabled":true,"jetpack_shortlink":"https:\/\/wp.me\/pgx1jY-tY","jetpack-related-posts":[{"id":1110,"url":"https:\/\/carlosmendozaalvarez.blog\/en\/2025\/08\/16\/entre-aguas-y-tierra-de-soweto-al-caracol-morelia\/","url_meta":{"origin":1858,"position":0},"title":"Between water and land: from Soweto to Caracol Morelia","author":"mendocinomx","date":"16 de August de 2025","format":false,"excerpt":"This weekend, the international gathering of resistance and rebellion, &quot;Some Parts of the Whole,&quot; organized by the Zapatista bases of young EZLN militia members and their command, concludes in Chiapas. A new generation has expressed\u2014through plays...","rel":"","context":"In &quot;Violencias contempor\u00e1neas&quot;","block_context":{"text":"Violencias contempor\u00e1neas","link":"https:\/\/carlosmendozaalvarez.blog\/en\/category\/violencias-contemporaneas\/"},"img":{"alt_text":"","src":"https:\/\/i0.wp.com\/carlosmendozaalvarez.blog\/wp-content\/uploads\/2025\/08\/Mural-Caracol-Oventic-2015-3.jpg?fit=1200%2C800&ssl=1&resize=350%2C200","width":350,"height":200,"srcset":"https:\/\/i0.wp.com\/carlosmendozaalvarez.blog\/wp-content\/uploads\/2025\/08\/Mural-Caracol-Oventic-2015-3.jpg?fit=1200%2C800&ssl=1&resize=350%2C200 1x, https:\/\/i0.wp.com\/carlosmendozaalvarez.blog\/wp-content\/uploads\/2025\/08\/Mural-Caracol-Oventic-2015-3.jpg?fit=1200%2C800&ssl=1&resize=525%2C300 1.5x, https:\/\/i0.wp.com\/carlosmendozaalvarez.blog\/wp-content\/uploads\/2025\/08\/Mural-Caracol-Oventic-2015-3.jpg?fit=1200%2C800&ssl=1&resize=700%2C400 2x, https:\/\/i0.wp.com\/carlosmendozaalvarez.blog\/wp-content\/uploads\/2025\/08\/Mural-Caracol-Oventic-2015-3.jpg?fit=1200%2C800&ssl=1&resize=1050%2C600 3x"},"classes":[]},{"id":1393,"url":"https:\/\/carlosmendozaalvarez.blog\/en\/2025\/11\/15\/desaprendiendo-la-eficacia-para-habitar-la-incertidumbre\/","url_meta":{"origin":1858,"position":1},"title":"Unlearning efficiency to inhabit uncertainty","author":"mendocinomx","date":"15 de November de 2025","format":false,"excerpt":"It&#039;s been seven months since I left Boston, after five years of academic life in the frenetic gears of American efficiency, with a particular underlying challenge: translating the key ideas of modern Latin American and European theology into...","rel":"","context":"In &quot;Contemplaci\u00f3n y silencio&quot;","block_context":{"text":"Contemplaci\u00f3n y silencio","link":"https:\/\/carlosmendozaalvarez.blog\/en\/category\/contemplacion-y-silencio\/"},"img":{"alt_text":"Diedrick Brackens | The Cup is a Cloud | Los Angeles, 2018","src":"https:\/\/i0.wp.com\/carlosmendozaalvarez.blog\/wp-content\/uploads\/2025\/11\/Diedrick-Brackens-The-Cup-is-a-Cloud-2018.jpg?fit=1160%2C773&ssl=1&resize=350%2C200","width":350,"height":200,"srcset":"https:\/\/i0.wp.com\/carlosmendozaalvarez.blog\/wp-content\/uploads\/2025\/11\/Diedrick-Brackens-The-Cup-is-a-Cloud-2018.jpg?fit=1160%2C773&ssl=1&resize=350%2C200 1x, https:\/\/i0.wp.com\/carlosmendozaalvarez.blog\/wp-content\/uploads\/2025\/11\/Diedrick-Brackens-The-Cup-is-a-Cloud-2018.jpg?fit=1160%2C773&ssl=1&resize=525%2C300 1.5x, https:\/\/i0.wp.com\/carlosmendozaalvarez.blog\/wp-content\/uploads\/2025\/11\/Diedrick-Brackens-The-Cup-is-a-Cloud-2018.jpg?fit=1160%2C773&ssl=1&resize=700%2C400 2x, https:\/\/i0.wp.com\/carlosmendozaalvarez.blog\/wp-content\/uploads\/2025\/11\/Diedrick-Brackens-The-Cup-is-a-Cloud-2018.jpg?fit=1160%2C773&ssl=1&resize=1050%2C600 3x"},"classes":[]},{"id":2078,"url":"https:\/\/carlosmendozaalvarez.blog\/en\/2026\/08\/23\/entre-benin-porto-alegre-y-puebla\/","url_meta":{"origin":1858,"position":2},"title":"Between Benin, Porto Alegre and Puebla","author":"mendocinomx","date":"23 de August de 2026","format":false,"excerpt":"A chronicle of the impact of the World Social Forum in Benin in 2026, with the challenges it presented to a new generation of theologians returning to the spirit of Porto Alegre in a new context of global systemic violence. A story that connects with the anniversary of\u2026","rel":"","context":"In &quot;Autonom\u00edas&quot;","block_context":{"text":"Autonom\u00edas","link":"https:\/\/carlosmendozaalvarez.blog\/en\/category\/autonomias\/"},"img":{"alt_text":"","src":"https:\/\/i0.wp.com\/carlosmendozaalvarez.blog\/wp-content\/uploads\/2026\/08\/Carlos-Mendoza-Edificio-Carolino-Pasillos-del-Tercer-Claustro-Puebla-2026-.jpeg?fit=900%2C1200&ssl=1&resize=350%2C200","width":350,"height":200,"srcset":"https:\/\/i0.wp.com\/carlosmendozaalvarez.blog\/wp-content\/uploads\/2026\/08\/Carlos-Mendoza-Edificio-Carolino-Pasillos-del-Tercer-Claustro-Puebla-2026-.jpeg?fit=900%2C1200&ssl=1&resize=350%2C200 1x, https:\/\/i0.wp.com\/carlosmendozaalvarez.blog\/wp-content\/uploads\/2026\/08\/Carlos-Mendoza-Edificio-Carolino-Pasillos-del-Tercer-Claustro-Puebla-2026-.jpeg?fit=900%2C1200&ssl=1&resize=525%2C300 1.5x, https:\/\/i0.wp.com\/carlosmendozaalvarez.blog\/wp-content\/uploads\/2026\/08\/Carlos-Mendoza-Edificio-Carolino-Pasillos-del-Tercer-Claustro-Puebla-2026-.jpeg?fit=900%2C1200&ssl=1&resize=700%2C400 2x"},"classes":[]},{"id":1982,"url":"https:\/\/carlosmendozaalvarez.blog\/en\/2026\/06\/20\/los-sionismos-que-nos-acechan\/","url_meta":{"origin":1858,"position":3},"title":"The Zionisms that threaten us","author":"mendocinomx","date":"20 de June de 2026","format":false,"excerpt":"A reflection on the ideological justification of techno-fascism through Jewish and Christian Zionism by means of the perverse use of the Bible as a weapon of war. The ethical, theological, and spiritual implications of this expansionism in Chiapas and other territories pose challenges for a critical theology and practice that dismantles\u2026","rel":"","context":"In &quot;Chiapas&quot;","block_context":{"text":"Chiapas","link":"https:\/\/carlosmendozaalvarez.blog\/en\/category\/chiapas\/"},"img":{"alt_text":"","src":"https:\/\/i0.wp.com\/carlosmendozaalvarez.blog\/wp-content\/uploads\/2026\/06\/Juan-Fuentes-Critical-Zionism-Studies-2025.jpg?fit=1024%2C1024&ssl=1&resize=350%2C200","width":350,"height":200,"srcset":"https:\/\/i0.wp.com\/carlosmendozaalvarez.blog\/wp-content\/uploads\/2026\/06\/Juan-Fuentes-Critical-Zionism-Studies-2025.jpg?fit=1024%2C1024&ssl=1&resize=350%2C200 1x, https:\/\/i0.wp.com\/carlosmendozaalvarez.blog\/wp-content\/uploads\/2026\/06\/Juan-Fuentes-Critical-Zionism-Studies-2025.jpg?fit=1024%2C1024&ssl=1&resize=525%2C300 1.5x, https:\/\/i0.wp.com\/carlosmendozaalvarez.blog\/wp-content\/uploads\/2026\/06\/Juan-Fuentes-Critical-Zionism-Studies-2025.jpg?fit=1024%2C1024&ssl=1&resize=700%2C400 2x"},"classes":[]},{"id":1411,"url":"https:\/\/carlosmendozaalvarez.blog\/en\/2025\/11\/22\/marchar-o-no-marchar-esa-es-la-cuestion\/","url_meta":{"origin":1858,"position":4},"title":"To march or not to march, that is the question","author":"mendocinomx","date":"22 de November de 2025","format":false,"excerpt":"In recent weeks, Mexico has been the scene of social unrest stemming from public frustration with the violence of drug cartels, which increasingly control more and more territory. The state of Michoac\u00e1n has become...","rel":"","context":"In &quot;Violencias contempor\u00e1neas&quot;","block_context":{"text":"Violencias contempor\u00e1neas","link":"https:\/\/carlosmendozaalvarez.blog\/en\/category\/violencias-contemporaneas\/"},"img":{"alt_text":"","src":"https:\/\/i0.wp.com\/carlosmendozaalvarez.blog\/wp-content\/uploads\/2025\/11\/Ghandis-Dandi-Salt-March-2012.jpeg?fit=1200%2C799&ssl=1&resize=350%2C200","width":350,"height":200,"srcset":"https:\/\/i0.wp.com\/carlosmendozaalvarez.blog\/wp-content\/uploads\/2025\/11\/Ghandis-Dandi-Salt-March-2012.jpeg?fit=1200%2C799&ssl=1&resize=350%2C200 1x, https:\/\/i0.wp.com\/carlosmendozaalvarez.blog\/wp-content\/uploads\/2025\/11\/Ghandis-Dandi-Salt-March-2012.jpeg?fit=1200%2C799&ssl=1&resize=525%2C300 1.5x, https:\/\/i0.wp.com\/carlosmendozaalvarez.blog\/wp-content\/uploads\/2025\/11\/Ghandis-Dandi-Salt-March-2012.jpeg?fit=1200%2C799&ssl=1&resize=700%2C400 2x, https:\/\/i0.wp.com\/carlosmendozaalvarez.blog\/wp-content\/uploads\/2025\/11\/Ghandis-Dandi-Salt-March-2012.jpeg?fit=1200%2C799&ssl=1&resize=1050%2C600 3x"},"classes":[]},{"id":1841,"url":"https:\/\/carlosmendozaalvarez.blog\/en\/2026\/04\/30\/los-frutos-de-la-pascua-florida\/","url_meta":{"origin":1858,"position":5},"title":"The fruits of Easter","author":"mendocinomx","date":"30 de April de 2026","format":false,"excerpt":"Easter stories in Zinacant\u00e1n, Puebla and Bavaria that intertwine like flashes of life in a personal biography of lifelong learning.","rel":"","context":"In &quot;Espiritualidad intercultural&quot;","block_context":{"text":"Espiritualidad intercultural","link":"https:\/\/carlosmendozaalvarez.blog\/en\/category\/espiritualidad-intercultural\/"},"img":{"alt_text":"","src":"https:\/\/i0.wp.com\/carlosmendozaalvarez.blog\/wp-content\/uploads\/2026\/04\/IMG_8482.jpeg?fit=900%2C1200&ssl=1&resize=350%2C200","width":350,"height":200,"srcset":"https:\/\/i0.wp.com\/carlosmendozaalvarez.blog\/wp-content\/uploads\/2026\/04\/IMG_8482.jpeg?fit=900%2C1200&ssl=1&resize=350%2C200 1x, https:\/\/i0.wp.com\/carlosmendozaalvarez.blog\/wp-content\/uploads\/2026\/04\/IMG_8482.jpeg?fit=900%2C1200&ssl=1&resize=525%2C300 1.5x, https:\/\/i0.wp.com\/carlosmendozaalvarez.blog\/wp-content\/uploads\/2026\/04\/IMG_8482.jpeg?fit=900%2C1200&ssl=1&resize=700%2C400 2x"},"classes":[]}],"jetpack_featured_media_url":"https:\/\/i0.wp.com\/carlosmendozaalvarez.blog\/wp-content\/uploads\/2026\/05\/Carlos-Mendoza-Castillo-de-Malbork-Pomerania-Polonia-2026.jpg?fit=3794%2C2846&ssl=1","_links":{"self":[{"href":"https:\/\/carlosmendozaalvarez.blog\/en\/wp-json\/wp\/v2\/posts\/1858","targetHints":{"allow":["GET"]}}],"collection":[{"href":"https:\/\/carlosmendozaalvarez.blog\/en\/wp-json\/wp\/v2\/posts"}],"about":[{"href":"https:\/\/carlosmendozaalvarez.blog\/en\/wp-json\/wp\/v2\/types\/post"}],"author":[{"embeddable":true,"href":"https:\/\/carlosmendozaalvarez.blog\/en\/wp-json\/wp\/v2\/users\/266113673"}],"replies":[{"embeddable":true,"href":"https:\/\/carlosmendozaalvarez.blog\/en\/wp-json\/wp\/v2\/comments?post=1858"}],"version-history":[{"count":5,"href":"https:\/\/carlosmendozaalvarez.blog\/en\/wp-json\/wp\/v2\/posts\/1858\/revisions"}],"predecessor-version":[{"id":1865,"href":"https:\/\/carlosmendozaalvarez.blog\/en\/wp-json\/wp\/v2\/posts\/1858\/revisions\/1865"}],"wp:featuredmedia":[{"embeddable":true,"href":"https:\/\/carlosmendozaalvarez.blog\/en\/wp-json\/wp\/v2\/media\/1864"}],"wp:attachment":[{"href":"https:\/\/carlosmendozaalvarez.blog\/en\/wp-json\/wp\/v2\/media?parent=1858"}],"wp:term":[{"taxonomy":"category","embeddable":true,"href":"https:\/\/carlosmendozaalvarez.blog\/en\/wp-json\/wp\/v2\/categories?post=1858"},{"taxonomy":"post_tag","embeddable":true,"href":"https:\/\/carlosmendozaalvarez.blog\/en\/wp-json\/wp\/v2\/tags?post=1858"}],"curies":[{"name":"wp","href":"https:\/\/api.w.org\/{rel}","templated":true}]}}