{"id":1564,"date":"2026-01-17T12:45:48","date_gmt":"2026-01-17T18:45:48","guid":{"rendered":"https:\/\/carlosmendozaalvarez.blog\/?p=1564"},"modified":"2026-01-18T07:46:24","modified_gmt":"2026-01-18T13:46:24","slug":"los-cristos-negros-de-zinacantan","status":"publish","type":"post","link":"https:\/\/carlosmendozaalvarez.blog\/en\/2026\/01\/17\/los-cristos-negros-de-zinacantan\/","title":{"rendered":"The Black Christs of Zinacant\u00e1n"},"content":{"rendered":"<p style=\"font-weight: 400; text-align: right;\"><em>Por Carlos Mendoza \u00c1lvarez<\/em><\/p>\n<p><span style=\"color: #f3f3f7;\">.<\/span><\/p>\n<p style=\"font-weight: 400;\">La fiesta patronal de Elamb\u00f3 Esquipulas en los Altos de Chiapas se abre con el estruendo de una banda de m\u00fasica que -al son de los platillos, el clarinete, las trompetas y la tambora- anima la procesi\u00f3n de la comunidad. Avanzamos desde la entrada del paraje hasta la capilla del Cristo negro, ce\u00f1ido con un manto rosa bordado con flores coloridas y engalanado con una peluca rizada de cabellos negro azabache. La oscuridad de su piel resalta a\u00fan m\u00e1s en el marco florido y refleja, con algunos destellos en sus brazos extendidos sobre la cruz, las candelas <em>sembradas<\/em> en el piso, ardiendo en medio del incienso que llena el altar.<\/p>\n<p style=\"font-weight: 400;\">Una vez dado el saludo inicial la comunidad se arrodilla para rezar la invocaci\u00f3n de la misericordia en lengua tsotsil, bajo la gu\u00eda de Mariano, el catequista encargado, todos implorando a Dios perd\u00f3n para el mundo, en un murmullo que comienza como oleaje embravecido y que luego se torna susurro y caricia, como de olas rozando la arena de la playa, se\u00f1al de una conciencia comunal apaciguada.<\/p>\n<p style=\"font-weight: 400;\">La misa sigue su curso con las lecturas b\u00edblicas en tsotsil en torno a la cruz del Galileo, seguidas de una meditaci\u00f3n que me toca dirigir a la comunidad en castellano, de manera breve, con tres pensamientos que resumo para que el catequista-int\u00e9rprete los desarrolle con una elocuencia sin fin. Me centro en el sentido b\u00edblico de la cruz de Jes\u00fas como resultado de su compromiso con los excluidos de su tiempo. Luego, relato brevemente la historia del Se\u00f1or de Esquipulas en Guatemala, citando a mi hermano <em>jTotik<\/em> Alfonso, aunque a\u00f1adiendo una glosa m\u00eda, para hacer notar que su color negro simboliza los sufrimientos del pueblo que Cristo carga sobre s\u00ed. Veo la imagen envuelta en flores y caigo en la cuenta de que el Crucificado nos ofrece un abrazo amoroso en el \u00faltimo aliento de su vida. Me sale de manera espont\u00e1nea decirlo a la comunidad que me escucha con atenci\u00f3n y veo que reciben ese abrazo con una mirada agradecida. Y concluyo invit\u00e1ndonos a todos a celebrar al Se\u00f1or de Esquipulas con nuestro propio compromiso de amor, cuidando como \u00e9l lo hizo en vida, a quienes m\u00e1s sufren en la comunidad, comenzando por la ni\u00f1ez en su salud amenazada por la industria de los refrescos y la comida chatarra, la juventud atra\u00edda por el dinero, las drogas y el alcohol, y las mujeres que padecen violencia en su propia casa y comunidad.<\/p>\n<p style=\"font-weight: 400;\">La consagraci\u00f3n del pan y del vino es vivida con profunda devoci\u00f3n por la comunidad arrodillada. Pero ese momento de sacralidad de adoraci\u00f3n del cuerpo y la sangre de Jes\u00fas, el ungido de Dios, de repente se torna una reverencia a\u00fan m\u00e1s profunda gracias al canto y la danza tradicional del<em>\u00a0<a href=\"https:\/\/soundcloud.com\/19-07-1997-sonorocelali\/bolom-chon-de-zinacantan-2006\" target=\"_blank\" rel=\"noopener\">Bolom Chon<\/a><\/em> o <a href=\"https:\/\/www.youtube.com\/watch?v=qherkd90kdg\" target=\"_blank\" rel=\"noopener\">canto del jaguar<\/a> que expresa lo m\u00e1s profundo del alma tsotsil, tseltal y tojolabal, los pueblos mayas de los Altos de Chiapas. Los m\u00fasicos tradicionales pulsan el arpa, el viol\u00edn y la guitarra con un ritmo pausado y lento que es como un mantra creciendo en una espiral sonora de ternura infinita, arrullando al Dios encarnado y a la madre tierra a la que nuestros pies tocan con su danza. Porque cabe recordar que, para los pueblos mayas, en los ritos de la tradici\u00f3n ancestral -como los del pueblo tseltal estudiados por el jesuita <a href=\"https:\/\/cee.edu.mx\/NuestrasPublicaciones\/10_Los_tseltales_Paganos_o_cristianos\/Los_tseltales_Paganos_o_cristianos.pdf\" target=\"_blank\" rel=\"noopener\">Eugenio Maurer<\/a> en Bachaj\u00f3n- la danza tiene un significado religioso, pues con los pies se acaricia a la madre tierra, regalo primordial del Dador de la Vida.<\/p>\n<p><span style=\"color: #f3f3f7;\">.<\/span><\/p>\n<p style=\"font-weight: 400; text-align: center;\">\u2202<\/p>\n<p><span style=\"color: #f3f3f7;\">.<\/span><\/p>\n<p style=\"font-weight: 400;\">El Cristo de Esquipulas que naci\u00f3 en Guatemala es una representaci\u00f3n potente de los diversos rostros de la fe de los pueblos mayas de antiguos celebrando por influencia mexica a Tezcatlipoca, seg\u00fan cuenta el cronista dominico <a href=\"https:\/\/revistas.inah.gob.mx\/index.php\/antropologia\/article\/view\/2920\/2821\" target=\"_blank\" rel=\"noopener\">fray Diego Dur\u00e1n<\/a>, para pedir la lluvia:<\/p>\n<p style=\"font-weight: 400; text-align: center;\">[&#8230;] era de una piedra muy relumbrante y negra como azabache [obsidiana] piedra de que ellos hacen navajas y cuchillos para cortar. En las dem\u00e1s ciudades era de palo entallada en una figura de hombre todo negro y de las sienes para abajo con la frente y narices y boca blanca, de color de yndio bestida de algunos atavios galanos a su indiano modo quanto a lo primero tenia una orejeras de oro y otras de plata, en e labio bajo ten\u00eda un bezote de un beril cristalino en el que estaba metida una pluma verde y otras veces azul que despu\u00e9s de afuera parec\u00eda esmeralda o rub\u00ed, era este bezote como un geme de largo encima de coleta de cabellos que ten\u00eda en la caveza (Dur\u00e1n, II, 1995: 47).<\/p>\n<p style=\"font-weight: 400;\">Siglos despu\u00e9s, en esa imagen los pueblos mayas cristianizados veneran al Nazareno con nuevos significados. En cada paraje de Zinacant\u00e1n que he visitado esta semana encontr\u00e9 nuevas y asombrosas alteraciones en la imagen y en los significados que le da la comunidad. Del relato de un Cristo color negro carbonizado que sobrevivi\u00f3 milagrosamente a un incendio hasta el icono que se ennegrece porque absorbe los pecados del mundo, pasamos por historias que cuentan las zozobras y anhelos de sus fieles devotos dando tonalidades de intensidad creciente al Cristo, seg\u00fan el color de la piel o de la conciencia de la comunidad que lo venera.<\/p>\n<p style=\"font-weight: 400;\">Dos escenas quedan en mi memoria de estos d\u00edas recorriendo los parajes zinacantecos. Ambas remontan a los ritos ancestrales del pueblo tsotsil.<\/p>\n<p style=\"font-weight: 400;\">La primera es el rezo del perd\u00f3n cuando toda la comunidad en un oleaje colectivo, con clamores, llanto y suspiros, eleva su oraci\u00f3n arrodillada sobre la <em>juncia &#8211;<\/em>que son las hojas del pino colocado como una alfombra verde y olorosa en el piso de la ermita, capilla o templo, sosteniendo los pies de la comunidad reunida en medio de velas- con el incienso mezclado con aroma del pino de los bosques aleda\u00f1os. Un vestigio del pueblo de la niebla y el bosque, como lo canta el poeta tuxtleco <a href=\"https:\/\/materialdelectura.unam.mx\/poesia-moderna\/16-poesia-moderna-cat\/273-125-juan-banuelos?start=34\" target=\"_blank\" rel=\"noopener\">Juan Ba\u00f1uelos<\/a>:<\/p>\n<p><span style=\"color: #f3f3f7;\">.<\/span><\/p>\n<p style=\"font-weight: 400; text-align: center;\">Amanece. La humedad es como el sue\u00f1o: inm\u00f3vil. S\u00f3lo<br \/>\nasciende<br \/>\nun pueblo de ra\u00edces por las gargantas de las aves<br \/>\nque con su canto mueven la alfombra olorosa de la juncia<br \/>\nEl humo de las chozas se eleva imitando grecas mayas<br \/>\nmientras se filtra el suero c\u00edclico de la memoria<\/p>\n<p><span style=\"color: #f3f3f7;\">.<\/span><\/p>\n<p style=\"font-weight: 400;\">La segunda escena que perdura en mi coraz\u00f3n es la danza ritual de adoraci\u00f3n sonora y r\u00edtmica que mueve a la comunidad reunida, acariciando a la tierra que ha dado como fruto al hijo de Mar\u00eda, un Cristo jaguar tal vez, seg\u00fan la memoria de los pueblos mayas. Cuerpos transfigurados por un resplandor de humanidad ancestral que se abre al misterio amoroso.<\/p>\n<p style=\"font-weight: 400;\">Los Cristos negros de Zinacant\u00e1n siguen torn\u00e1ndose luminosos en cada paraje, con tonalidades m\u00e1s oscuras o claras, seg\u00fan la tierra que los acoge y alaba. Cristo negro de Esquipulas durante el tiempo de la Capitan\u00eda General de Guatemala. Cristo negro de Tila en tiempo de independencia de Chiapas. Cristo negro de Zinacant\u00e1n en tiempos del levantamiento ind\u00edgena. Cristo negro de las comunidades de hoy enfrentadas al espejismo de la prosperidad del comercio de las flores y los tejidos. Cristos negros que vendr\u00e1n en los tiempos aciagos que vivimos.<\/p>\n<p style=\"font-weight: 400;\">\u00bfQu\u00e9 lamentos y qu\u00e9 alabanzas entonar\u00e1n las futuras generaciones del pueblo tsotsil cuando, dentro de medio siglo, el clamor de la humanidad herida haga a\u00fan m\u00e1s oscuro al Cristo negro?<\/p>\n<p style=\"font-weight: 400;\">\u00bfQu\u00e9 lamentos, alabanzas y danzas vivimos nosotros cuando caemos en cuenta que el tiempo urge para buscar y encontrar el consuelo para una humanidad amenazada de muerte por el mundo de los poderosos?<\/p>\n<p style=\"font-weight: 400;\">Los Cristos negros de Zinacant\u00e1n son una gran paradoja: abrazo de sufrimiento y promesa de vida.<\/p>\n<p><span style=\"color: #f3f3f7;\">.<\/span><\/p>\n<p style=\"font-weight: 400; text-align: right;\">Ts&#8217;ajal Nam, 17 de enero de 2026<\/p>\n<p><span style=\"color: #f3f3f7;\">.<\/span><\/p>\n<p><em>Nota: Me gustar\u00e1 leer sus comentarios en la secci\u00f3n final de esta p\u00e1gina.<\/em><\/p>\n","protected":false},"excerpt":{"rendered":"<p>The patron saint festival of Elamb\u00f3 Esquipulas in the Highlands of Chiapas opens with the resounding music of a band that\u2014to the sound of cymbals, clarinet, trumpets, and drum\u2014animates the community&#039;s procession\u2026<\/p>","protected":false},"author":266113673,"featured_media":1572,"comment_status":"open","ping_status":"open","sticky":false,"template":"","format":"standard","meta":{"postBodyCss":"","postBodyMargin":[],"postBodyPadding":[],"postBodyBackground":{"backgroundType":"classic","gradient":""},"_jetpack_newsletter_access":"","_jetpack_dont_email_post_to_subs":false,"_jetpack_newsletter_tier_id":0,"_jetpack_memberships_contains_paywalled_content":false,"_wpcom_ai_launchpad_first_post":false,"_jetpack_feature_clip_id":0,"_jetpack_memberships_contains_paid_content":false,"footnotes":"","jetpack_publicize_message":"{title}\n\n{excerpt}\n\n{url}","jetpack_publicize_feature_enabled":true,"jetpack_social_post_already_shared":true,"jetpack_social_options":{"image_generator_settings":{"template":"highway","default_image_id":0,"font":"","enabled":false},"version":2},"_wpas_customize_per_network":false,"jetpack_post_was_ever_published":false},"categories":[780850194,780849979,780850191,780850193,780850192,780849726],"tags":[164367,780850252,780850250,780849950,780850052,780850251],"class_list":["post-1564","post","type-post","status-publish","format-standard","has-post-thumbnail","hentry","category-chiapas","category-contemplacion-y-silencio","category-esperanza","category-pluralismo-cultural","category-pueblos-originarios","category-sin-categoria-es","tag-chiapas","tag-cristo-negro","tag-espiritualidad-intercultural","tag-madre-tierra","tag-resistencias","tag-senor-de-esquipulas"],"jetpack_publicize_connections":[],"jetpack_likes_enabled":true,"jetpack_sharing_enabled":true,"jetpack_shortlink":"https:\/\/wp.me\/pgx1jY-pe","jetpack-related-posts":[{"id":1695,"url":"https:\/\/carlosmendozaalvarez.blog\/en\/2026\/02\/22\/somos-tierra-somos-viento\/","url_meta":{"origin":1564,"position":0},"title":"We are earth, we are wind","author":"mendocinomx","date":"22 de February de 2026","format":false,"excerpt":"The ancestral tradition of the Zinacanteco people of praying in the hills is told in its symbolic, ritual and spiritual sense as an invitation to connect with the earth and the wind, where it is possible to become a living body.","rel":"","context":"In &quot;Bioculturalidad&quot;","block_context":{"text":"Bioculturalidad","link":"https:\/\/carlosmendozaalvarez.blog\/en\/category\/bioculturalidad\/"},"img":{"alt_text":"","src":"https:\/\/i0.wp.com\/carlosmendozaalvarez.blog\/wp-content\/uploads\/2026\/02\/Blog-CMA-Plantilla-imagen-para-Photopea-2026.png?fit=1200%2C799&ssl=1&resize=350%2C200","width":350,"height":200,"srcset":"https:\/\/i0.wp.com\/carlosmendozaalvarez.blog\/wp-content\/uploads\/2026\/02\/Blog-CMA-Plantilla-imagen-para-Photopea-2026.png?fit=1200%2C799&ssl=1&resize=350%2C200 1x, https:\/\/i0.wp.com\/carlosmendozaalvarez.blog\/wp-content\/uploads\/2026\/02\/Blog-CMA-Plantilla-imagen-para-Photopea-2026.png?fit=1200%2C799&ssl=1&resize=525%2C300 1.5x, https:\/\/i0.wp.com\/carlosmendozaalvarez.blog\/wp-content\/uploads\/2026\/02\/Blog-CMA-Plantilla-imagen-para-Photopea-2026.png?fit=1200%2C799&ssl=1&resize=700%2C400 2x, https:\/\/i0.wp.com\/carlosmendozaalvarez.blog\/wp-content\/uploads\/2026\/02\/Blog-CMA-Plantilla-imagen-para-Photopea-2026.png?fit=1200%2C799&ssl=1&resize=1050%2C600 3x"},"classes":[]},{"id":1582,"url":"https:\/\/carlosmendozaalvarez.blog\/en\/2026\/01\/24\/las-flechas-de-san-sebastian\/","url_meta":{"origin":1564,"position":1},"title":"The arrows of Saint Sebastian","author":"mendocinomx","date":"24 de January de 2026","format":false,"excerpt":"The feast of Saint Sebastian reveals and conceals the lives, bodies, and identities of diverse people who seek to live with dignity in the light of divine glory and in harmony with their communities.","rel":"","context":"In &quot;Chiapas&quot;","block_context":{"text":"Chiapas","link":"https:\/\/carlosmendozaalvarez.blog\/en\/category\/chiapas\/"},"img":{"alt_text":"","src":"https:\/\/i0.wp.com\/carlosmendozaalvarez.blog\/wp-content\/uploads\/2026\/01\/Blog-CMA-Plantilla-imagen-para-Photopea-2026.jpg?fit=1200%2C799&ssl=1&resize=350%2C200","width":350,"height":200,"srcset":"https:\/\/i0.wp.com\/carlosmendozaalvarez.blog\/wp-content\/uploads\/2026\/01\/Blog-CMA-Plantilla-imagen-para-Photopea-2026.jpg?fit=1200%2C799&ssl=1&resize=350%2C200 1x, https:\/\/i0.wp.com\/carlosmendozaalvarez.blog\/wp-content\/uploads\/2026\/01\/Blog-CMA-Plantilla-imagen-para-Photopea-2026.jpg?fit=1200%2C799&ssl=1&resize=525%2C300 1.5x, https:\/\/i0.wp.com\/carlosmendozaalvarez.blog\/wp-content\/uploads\/2026\/01\/Blog-CMA-Plantilla-imagen-para-Photopea-2026.jpg?fit=1200%2C799&ssl=1&resize=700%2C400 2x, https:\/\/i0.wp.com\/carlosmendozaalvarez.blog\/wp-content\/uploads\/2026\/01\/Blog-CMA-Plantilla-imagen-para-Photopea-2026.jpg?fit=1200%2C799&ssl=1&resize=1050%2C600 3x"},"classes":[]},{"id":1883,"url":"https:\/\/carlosmendozaalvarez.blog\/en\/2026\/05\/23\/la-fiesta-de-la-ruah-divina\/","url_meta":{"origin":1564,"position":2},"title":"The Feast of the Divine Ruah","author":"mendocinomx","date":"23 de May de 2026","format":false,"excerpt":"A reading for the feast of Pentecost in times of uncertainty and hope, born from the experiences of victims and survivors who resist various forms of violence. It also recounts the story of the commemorative mural depicting the relationship between the Dominican friars in Chiapas and the people of Chiapas, on the occasion of\u2026","rel":"","context":"In &quot;Alteridad&quot;","block_context":{"text":"Alteridad","link":"https:\/\/carlosmendozaalvarez.blog\/en\/category\/alteridad\/"},"img":{"alt_text":"","src":"https:\/\/i0.wp.com\/carlosmendozaalvarez.blog\/wp-content\/uploads\/2026\/05\/Kojtom-Boceto-fray-Lorenzo-con-Lacandones-05-V-26.jpeg?fit=780%2C1040&ssl=1&resize=350%2C200","width":350,"height":200,"srcset":"https:\/\/i0.wp.com\/carlosmendozaalvarez.blog\/wp-content\/uploads\/2026\/05\/Kojtom-Boceto-fray-Lorenzo-con-Lacandones-05-V-26.jpeg?fit=780%2C1040&ssl=1&resize=350%2C200 1x, https:\/\/i0.wp.com\/carlosmendozaalvarez.blog\/wp-content\/uploads\/2026\/05\/Kojtom-Boceto-fray-Lorenzo-con-Lacandones-05-V-26.jpeg?fit=780%2C1040&ssl=1&resize=525%2C300 1.5x, https:\/\/i0.wp.com\/carlosmendozaalvarez.blog\/wp-content\/uploads\/2026\/05\/Kojtom-Boceto-fray-Lorenzo-con-Lacandones-05-V-26.jpeg?fit=780%2C1040&ssl=1&resize=700%2C400 2x"},"classes":[]},{"id":1624,"url":"https:\/\/carlosmendozaalvarez.blog\/en\/2026\/01\/31\/transmodernidades-indianas\/","url_meta":{"origin":1564,"position":3},"title":"(Trans)modernities of India","author":"mendocinomx","date":"31 de January de 2026","format":false,"excerpt":"Modernity has arrived in the highlands of Chiapas, bringing with it economic and technological prosperity, but also an environmental crisis. The new generations inhabiting this territory are exploring new ways of life and identity, facing the challenge of harmonizing tradition with alternative forms of modernity\u2026","rel":"","context":"In &quot;Bioculturalidad&quot;","block_context":{"text":"Bioculturalidad","link":"https:\/\/carlosmendozaalvarez.blog\/en\/category\/bioculturalidad\/"},"img":{"alt_text":"","src":"https:\/\/i0.wp.com\/carlosmendozaalvarez.blog\/wp-content\/uploads\/2026\/01\/Juan-Chawuk-Conexion-Cosmica-San-Cristobal-de-Las-Casas-2000.jpg?fit=1200%2C799&ssl=1&resize=350%2C200","width":350,"height":200,"srcset":"https:\/\/i0.wp.com\/carlosmendozaalvarez.blog\/wp-content\/uploads\/2026\/01\/Juan-Chawuk-Conexion-Cosmica-San-Cristobal-de-Las-Casas-2000.jpg?fit=1200%2C799&ssl=1&resize=350%2C200 1x, https:\/\/i0.wp.com\/carlosmendozaalvarez.blog\/wp-content\/uploads\/2026\/01\/Juan-Chawuk-Conexion-Cosmica-San-Cristobal-de-Las-Casas-2000.jpg?fit=1200%2C799&ssl=1&resize=525%2C300 1.5x, https:\/\/i0.wp.com\/carlosmendozaalvarez.blog\/wp-content\/uploads\/2026\/01\/Juan-Chawuk-Conexion-Cosmica-San-Cristobal-de-Las-Casas-2000.jpg?fit=1200%2C799&ssl=1&resize=700%2C400 2x, https:\/\/i0.wp.com\/carlosmendozaalvarez.blog\/wp-content\/uploads\/2026\/01\/Juan-Chawuk-Conexion-Cosmica-San-Cristobal-de-Las-Casas-2000.jpg?fit=1200%2C799&ssl=1&resize=1050%2C600 3x"},"classes":[]},{"id":1788,"url":"https:\/\/carlosmendozaalvarez.blog\/en\/2026\/04\/06\/de-triduos-pascuales-en-las-grietas-del-mundo\/","url_meta":{"origin":1564,"position":4},"title":"Of Easter Triduums in the Cracks of the World","author":"mendocinomx","date":"6 de April de 2026","format":false,"excerpt":"By Carlos Mendoza \u00c1lvarez. A microcosm unfolds at every turn in the Highlands of Chiapas, like parallel worlds with secret passageways connecting ancestral traditions and modernity. It is possible to explore them when one sharpens their gaze and silences the external noise to listen to the sounds that vibrate in each space.","rel":"","context":"In &quot;Sin categor\u00eda&quot;","block_context":{"text":"Sin categor\u00eda","link":"https:\/\/carlosmendozaalvarez.blog\/en\/category\/sin-categoria-es\/"},"img":{"alt_text":"","src":"https:\/\/i0.wp.com\/carlosmendozaalvarez.blog\/wp-content\/uploads\/2026\/04\/Vigilia-Pascual-Sotslec-20226.jpg?fit=900%2C1200&ssl=1&resize=350%2C200","width":350,"height":200,"srcset":"https:\/\/i0.wp.com\/carlosmendozaalvarez.blog\/wp-content\/uploads\/2026\/04\/Vigilia-Pascual-Sotslec-20226.jpg?fit=900%2C1200&ssl=1&resize=350%2C200 1x, https:\/\/i0.wp.com\/carlosmendozaalvarez.blog\/wp-content\/uploads\/2026\/04\/Vigilia-Pascual-Sotslec-20226.jpg?fit=900%2C1200&ssl=1&resize=525%2C300 1.5x, https:\/\/i0.wp.com\/carlosmendozaalvarez.blog\/wp-content\/uploads\/2026\/04\/Vigilia-Pascual-Sotslec-20226.jpg?fit=900%2C1200&ssl=1&resize=700%2C400 2x"},"classes":[]},{"id":1841,"url":"https:\/\/carlosmendozaalvarez.blog\/en\/2026\/04\/30\/los-frutos-de-la-pascua-florida\/","url_meta":{"origin":1564,"position":5},"title":"The fruits of Easter","author":"mendocinomx","date":"30 de April de 2026","format":false,"excerpt":"Easter stories in Zinacant\u00e1n, Puebla and Bavaria that intertwine like flashes of life in a personal biography of lifelong learning.","rel":"","context":"In &quot;Espiritualidad intercultural&quot;","block_context":{"text":"Espiritualidad intercultural","link":"https:\/\/carlosmendozaalvarez.blog\/en\/category\/espiritualidad-intercultural\/"},"img":{"alt_text":"","src":"https:\/\/i0.wp.com\/carlosmendozaalvarez.blog\/wp-content\/uploads\/2026\/04\/IMG_8482.jpeg?fit=900%2C1200&ssl=1&resize=350%2C200","width":350,"height":200,"srcset":"https:\/\/i0.wp.com\/carlosmendozaalvarez.blog\/wp-content\/uploads\/2026\/04\/IMG_8482.jpeg?fit=900%2C1200&ssl=1&resize=350%2C200 1x, https:\/\/i0.wp.com\/carlosmendozaalvarez.blog\/wp-content\/uploads\/2026\/04\/IMG_8482.jpeg?fit=900%2C1200&ssl=1&resize=525%2C300 1.5x, https:\/\/i0.wp.com\/carlosmendozaalvarez.blog\/wp-content\/uploads\/2026\/04\/IMG_8482.jpeg?fit=900%2C1200&ssl=1&resize=700%2C400 2x"},"classes":[]}],"jetpack_featured_media_url":"https:\/\/i0.wp.com\/carlosmendozaalvarez.blog\/wp-content\/uploads\/2026\/01\/Cristo-negro-por-Carlos-Mendoza-Alvarez.jpg?fit=2048%2C1364&ssl=1","_links":{"self":[{"href":"https:\/\/carlosmendozaalvarez.blog\/en\/wp-json\/wp\/v2\/posts\/1564","targetHints":{"allow":["GET"]}}],"collection":[{"href":"https:\/\/carlosmendozaalvarez.blog\/en\/wp-json\/wp\/v2\/posts"}],"about":[{"href":"https:\/\/carlosmendozaalvarez.blog\/en\/wp-json\/wp\/v2\/types\/post"}],"author":[{"embeddable":true,"href":"https:\/\/carlosmendozaalvarez.blog\/en\/wp-json\/wp\/v2\/users\/266113673"}],"replies":[{"embeddable":true,"href":"https:\/\/carlosmendozaalvarez.blog\/en\/wp-json\/wp\/v2\/comments?post=1564"}],"version-history":[{"count":11,"href":"https:\/\/carlosmendozaalvarez.blog\/en\/wp-json\/wp\/v2\/posts\/1564\/revisions"}],"predecessor-version":[{"id":1578,"href":"https:\/\/carlosmendozaalvarez.blog\/en\/wp-json\/wp\/v2\/posts\/1564\/revisions\/1578"}],"wp:featuredmedia":[{"embeddable":true,"href":"https:\/\/carlosmendozaalvarez.blog\/en\/wp-json\/wp\/v2\/media\/1572"}],"wp:attachment":[{"href":"https:\/\/carlosmendozaalvarez.blog\/en\/wp-json\/wp\/v2\/media?parent=1564"}],"wp:term":[{"taxonomy":"category","embeddable":true,"href":"https:\/\/carlosmendozaalvarez.blog\/en\/wp-json\/wp\/v2\/categories?post=1564"},{"taxonomy":"post_tag","embeddable":true,"href":"https:\/\/carlosmendozaalvarez.blog\/en\/wp-json\/wp\/v2\/tags?post=1564"}],"curies":[{"name":"wp","href":"https:\/\/api.w.org\/{rel}","templated":true}]}}