{"id":1161,"date":"2025-08-30T03:40:31","date_gmt":"2025-08-30T09:40:31","guid":{"rendered":"https:\/\/carlosmendozaalvarez.blog\/?p=1161"},"modified":"2025-10-12T03:25:35","modified_gmt":"2025-10-12T09:25:35","slug":"sobre-el-ocio-y-el-silencio-en-tiempos-recios","status":"publish","type":"post","link":"https:\/\/carlosmendozaalvarez.blog\/en\/2025\/08\/30\/sobre-el-ocio-y-el-silencio-en-tiempos-recios\/","title":{"rendered":"On leisure and silence in difficult times"},"content":{"rendered":"<p style=\"text-align: right;\">By Carlos Mendoza-\u00c1lvarez<\/p>\n<p>&nbsp;<\/p>\n<p>One of the advantages of being retired from academic life now is having free time that flows by day, like a trickle of water that runs down the mountain and becomes a stream until one day it becomes a river.<\/p>\n<p>The uncertainty of seeing time pass at the beginning of a new stage in life can be uncomfortable because it is accompanied by questions about the purpose of life, especially of each day. I no longer have to prepare the night before to have the next day&#039;s course updated, with the necessary teaching materials and the attire to wear for the classroom ritual. Time is measured in advance, minute by minute, in the time that will later pass in the classroom to ensure efficiency and the success of the program, as happened in my last years of teaching in Boston.<\/p>\n<p>Now I finally have time to think, read, and write. However, the ideas flow with astonishing slowness at times, suddenly untimely in the early morning.<\/p>\n<p>I no longer have to worry about having my PowerPoint presentation ready with clear ideas, essential quotes, and suggestive images to literally \u201ccapture\u201d the attention of students, who were increasingly distracted by the virtual world and demanding the services of the \u201cinstructor.\u201d Although they called me \u201cteacher\u201d when addressing me ceremoniously, they were actually demanding duties worthy of a gym instructor. It&#039;s no coincidence that this is what the experts in school education called us: \u201cinstructors.\u201d This teaching service was an expectation that made itself felt with all its weight in the hundreds of emails each month that had to be answered to clarify questions about classes, authors, and assignments; or to send reports to school services requesting information on how we were handling students with mental illnesses, depression, syndromes I had never heard of, as well as special attention to people with motor, visual, or hearing disabilities. As never before in my thirty years of teaching, the most recurring problem to address in <em>Boston College,<\/em> It was depression, associated with anxiety, particularly during periods of midterm exams and especially finals.<\/p>\n<p>And now that I no longer have to live with the urge to jump between the classroom and the cubicle, time stretches out and deflates, with the impression of not moving anymore.<\/p>\n<p>&nbsp;<\/p>\n<p style=\"text-align: center;\">\u2202<\/p>\n<p>&nbsp;<\/p>\n<p>There are other new activities in this &quot;retirement&quot; stage. Not because I&#039;m always filled with joy, although there are certainly moments of great joy, but because I have to relearn how to live with time. I usually wake up early in the morning as before, but now without rushing, leisurely enjoying the time to meditate in silence and set off for my morning walk. I continue the day with the ritual of espresso and the latest news on the internet, checking a diary while I savor my coffee, which fortunately is no longer filled with appointments one after another. Now there&#039;s enough space and time to &quot;do nothing.&quot; Which means I have to get down to the task of <em>taste<\/em> those hours of the day in the <em>leisure<\/em>.<\/p>\n<p>I fondly remember the classes of Father \u00c1ngel Melc\u00f3n, a noted Thomist philosopher who was our formator during the Dominican novitiate in Agua Viva at the foot of the volcanoes. He insisted, following the Desert Fathers like Evagrius Ponticus, on the importance of re-educating ourselves during this time of initiation to move from &quot;negotium&quot; to &quot;otium,&quot; as a countercultural act because business denies leisure. Thus, he invited us to discover, as novices, the time of pause in life, of silence, of learning to do nothing.<\/p>\n<p>Today we value similar teachings from the \u201cdesert mothers and fathers\u201d (<a href=\"https:\/\/www.surco.org\/sites\/default\/files\/Apophthegmata.pdf\" target=\"_blank\" rel=\"noopener\">The Apophthegms of the Mothers and Fathers of the Desert<\/a>), as the spiritual sources of early Christian monastic life in North Africa and the Middle East are known in theology, with its aphorisms or sayings of spiritual wisdom that express the ancient practice of leisure. Business is the worldly hustle and bustle that prevents the silence and contemplation that are precisely the substance of leisure, allowing us to live in inner freedom, confront evil and practice good.<\/p>\n<p>But how difficult it is to practice this art again, after decades of academic and religious activity. This &quot;second novitiate&quot; will be useful to me as a watershed to enter a new stage of life in the leisure of contemplation, now located in the silence of being and its shadows.<\/p>\n<p>&nbsp;<\/p>\n<p style=\"text-align: center;\">\u2202<\/p>\n<p>&nbsp;<\/p>\n<p>Sara del Carmen, a dear reader friend from Coyoac\u00e1n, gave me the novel a few days ago <a href=\"https:\/\/www.planetadelibros.com.mx\/autor\/irvin-d-yalom\/000004624\" target=\"_blank\" rel=\"noopener\"><em>The Spinoza enigma<\/em> Written by Irvin D. Yalom<\/a>, the Stanford psychiatrist. I placed it on my desk for when I finished reading another novel which is the third part of the saga that began with <em>The cathedral of the sea<\/em>, written by the famous Spanish lawyer Ildefonso Falcones, following the story of an Aragonese soldier and aristocrat in Naples in the 14th century (<a href=\"https:\/\/www.gandhi.com.mx\/en-el-amor-y-en-la-guerra--la-catedral-del-mar-3--9788425369582\/p?srsltid=AfmBOorIaI2bgUcDuRYBTybo0jbILQApOcBuuJ_19XDq4YsG1FXdj3yT\" target=\"_blank\" rel=\"noopener\">In Love and War. The Cathedral of the Sea 3<\/a>). While this novel fascinated me for the way it recounted the wars and loves that gave rise to Latin Europe, which later undertook the conquest of the New World, moving on to the other novel connecting the life of a philosopher excommunicated by the Jewish community of Amsterdam in the 17th century with the traumas of Hitler&#039;s ideologue and his aversion to Jews in the midst of the Nazi regime, brought me to the heart of a question that today lacerates my conscience about the perversion of the Jewish and Christian religion turned into a weapon of war.<\/p>\n<p>In recent years, <em>the Palestinian question<\/em> It has been deepening in my mind and heart like a cry of today&#039;s victims where questions about God, the world and myself arise with greater radicality that I cannot answer. Obviously the Jewish religion perverted by Zionism, both Christian and Jewish in our days, provokes in me a frank rejection because a century after the <em>Shoah<\/em> The Israeli state reproduces the same monstrosity, in the name of God and with the complicity of far-right Christian Zionism, to annihilate a brother Semitic people.<\/p>\n<p>The leisure time I enjoy now allows me to tie up the loose ends of the emotions, ideas, and stories that have surfaced in my life over recent years, revealing their intimate connection. Spinoza suffered excommunication from his Jewish community in Amsterdam with an Epicurean ataraxia that helps me understand the vocation that other free thinkers have followed, with its reverberations in my own life and in those of us who live on the peripheries of systems.<\/p>\n<p>The famous expression <em>Deus sive Natura<\/em>, God or Nature, proposed by Spinoza perhaps summarizes the <em>daemon<\/em> or modern genius that we urgently need to recover today. Boaventura de Sousa Santos told me this in a personal exchange, when I invited him to write an article on God as a critique of the Cartesian idea, which unfortunately could not be published in the issue of the magazine <a href=\"https:\/\/verbodivino.es\/documentos\/fichainformativadoc\/6484\/La_providencia_divina.pdf\" target=\"_blank\" rel=\"noopener\"><em>Concilium<\/em> <em>Divine Providence: Beyond the Paradigm of Omnipotence <\/em><\/a>\u00a0because it had already been shared on the network (<a href=\"https:\/\/www.publico.es\/opinion\/hemeroteca\/confinamiento-dios-cartesiano.html\" target=\"_blank\" rel=\"noopener\">The end of the confinement of the Cartesian God<\/a>). The excesses of religion have made God a transcendent being, as an omnipotent imperial substance associated with the powers of this world, when in reality he is immanent to the world, Spinoza argued. Pantheism in the eyes of the inquisitors of yesterday and today. \u201cPan-en-theism\u201d as a philosophical current that runs through the history of the West, as described by the <a href=\"https:\/\/plato.stanford.edu\/entries\/panentheism\/\" target=\"_blank\" rel=\"noopener\">Stanford Encyclopedia of Philosophy<\/a>. But according to the most daring theologians and mystics of the Christian tradition, such as Meister Eckhart, Teilhard and Panikkar, what we call today \u201cpan-en-theism\u201d is in reality what they perceived and thought as the unity of reality that arises because everything real is <em>theological core<\/em>. That is to say, all reality is imbued with \u201cthe improvident divine providence,\u201d as the French philosopher Emmanuel Falque says in the aforementioned issue of the magazine <em>Concilium<\/em> that I had to prepare.<\/p>\n<p>What does Spinoza&#039;s God have to do with the ongoing genocide of the Palestinian people? Perhaps this catastrophe, unpunished to this day, is supposed to be justified precisely by the idea of a God. <em>religious<\/em> who chooses <em>a<\/em> people, to give it <em>a<\/em> land and becomes <em>his<\/em> Warrior defender. Nothing could be further from reason, the excommunicated Jew would say. An idol that is not God, the apophatic mystics would say. And nothing could be further from the faith in the Messiah who comes as a gift to redeem the world from hatred, according to the radical vision of Jesus in Galilee and his itinerant community.<\/p>\n<p>&nbsp;<\/p>\n<p style=\"text-align: center;\">\u2202<\/p>\n<p>&nbsp;<\/p>\n<p>Leisure in this new stage of life opens up a new perspective for exploring my own faith as a silence amidst the rubble of modernity. And thus, I learn to distinguish true religion, which is the contemplation of superabundant Love, which is not a being as an object, but the source of being that animates and sustains everything, and, in extreme cases, those who live in the shadows of non-being.<\/p>\n<p>However, to access this world of <em>mysterion<\/em> divine, cosmic and human, it is necessary to dismantle the pseudo-divine avatars that with destructive force control minds, institutions and ritual practices full of arrogance, fear and violent segregation of what is different.<\/p>\n<p>I cannot forget the main lesson I learned from my stay in South Africa last summer, which will serve as a beacon for years to come: the invitation to cultivate the ability to listen to the cries, whispers, and screams of those who dwell in the shadows of non-being, which is like an anticipated death. And even less do I wish to forget the most unexpected and hopeful thing that emerges in this desert of desolation: the knowledge of the peoples who resist violence as provocations of those lives that return from death, summoning us all. Ancestors. Remnants. Survivors. Their silence is the most eloquent language of the human, the cosmic, and the divine, to contemplate in leisure time and walk with them.<\/p>\n<p>Making room for leisure requires silence. An experience of the suspension of the senses, like an implosion of appearances that gives way to the appearance of true faces. And with that silence emerges the eloquence of the gaze, the power of the caress, the rebellion of the liberated body, the hope of those who have left us but live on in divine memory.<\/p>\n<p>In the \u201ctough times\u201d to come, as Teresa of Avila said, I am preparing to go beyond the <em>business<\/em> from life in the university and in the temple, even in the public square and social networks.<\/p>\n<p>Inhabiting everyday reality differently, in the cracks and silences, mine and others&#039;, some murmur of life will rise to heaven. From the cracked earth and from the rubble of the collapsing world and from my shattered ego, a radiance of being appears.<\/p>\n<p>&nbsp;<\/p>\n<p style=\"text-align: right;\">Mexico City, August 30, 2025<\/p>","protected":false},"excerpt":{"rendered":"<p>One of the advantages of being retired from academic life now is having free time that flows by day, like a trickle of water running down the mountain and becoming a stream until one day...<\/p>","protected":false},"author":266113673,"featured_media":1163,"comment_status":"open","ping_status":"open","sticky":false,"template":"","format":"standard","meta":{"postBodyCss":"","postBodyMargin":[],"postBodyPadding":[],"postBodyBackground":{"backgroundType":"classic","gradient":""},"_jetpack_newsletter_access":"","_jetpack_dont_email_post_to_subs":false,"_jetpack_newsletter_tier_id":0,"_jetpack_memberships_contains_paywalled_content":false,"_wpcom_ai_launchpad_first_post":false,"_jetpack_feature_clip_id":0,"_jetpack_memberships_contains_paid_content":false,"footnotes":"","jetpack_publicize_message":"{title}\n\n{excerpt}\n\n{url}","jetpack_publicize_feature_enabled":true,"jetpack_social_post_already_shared":true,"jetpack_social_options":{"image_generator_settings":{"template":"highway","default_image_id":0,"font":"","enabled":false},"version":2},"_wpas_customize_per_network":false,"jetpack_post_was_ever_published":false},"categories":[780849778,780849979,780849812],"tags":[780849995,780849982,780849990,780849994,780849857,780849895,780849924,780849988,780849962,780849984,780849989,780849985,780849996,780849980,780849720,780849986,780849993,780849983,780849981,780849987,780849992,57718,780849991],"class_list":["post-1161","post","type-post","status-publish","format-standard","has-post-thumbnail","hentry","category-espiritualidad-liberadora","category-contemplacion-y-silencio","category-geopolitica-y-espiritualidad","tag-amor-divino","tag-contemplacion","tag-cristianismo","tag-esperanza","tag-espiritualidad","tag-espiritualidad-liberadora","tag-fe","tag-filosofia","tag-genocidio","tag-jubilacion","tag-judaismo","tag-mistica","tag-misticos","tag-ocio","tag-palestina","tag-panenteismo","tag-resistencia","tag-retiro","tag-silencio","tag-spinoza","tag-sudafrica","tag-teologia","tag-teresa-de-avila"],"jetpack_publicize_connections":[],"jetpack_likes_enabled":true,"jetpack_sharing_enabled":true,"jetpack_shortlink":"https:\/\/wp.me\/pgx1jY-iJ","jetpack-related-posts":[{"id":2093,"url":"https:\/\/carlosmendozaalvarez.blog\/en\/2026\/08\/30\/semillero-en-gestacion-sobre-teologias-descoloniales-en-cholula\/","url_meta":{"origin":1161,"position":0},"title":"Seedbed on decolonial spiritualities and theologies in Cholula","author":"mendocinomx","date":"30 de August de 2026","format":false,"excerpt":"Relato de un camino de saberes que se encuentran en \"lugares\" donde es posible imaginar y crear v\u00ednculos de escucha mutua, entretejido de espiritualidades y pr\u00e1cticas de resistencia. Un semillero de teolog\u00edas descoloniales por celebrarse el pr\u00f3ximo a\u00f1o en Cholula, Puebla, ser\u00e1 la ocasi\u00f3n de sembrar semillas de dignidad y\u2026","rel":"","context":"In &quot;Autonom\u00edas&quot;","block_context":{"text":"Autonom\u00edas","link":"https:\/\/carlosmendozaalvarez.blog\/en\/category\/autonomias\/"},"img":{"alt_text":"","src":"https:\/\/i0.wp.com\/carlosmendozaalvarez.blog\/wp-content\/uploads\/2026\/08\/Amira-Rahim-Cholula-2017.jpg?fit=612%2C612&ssl=1&resize=350%2C200","width":350,"height":200,"srcset":"https:\/\/i0.wp.com\/carlosmendozaalvarez.blog\/wp-content\/uploads\/2026\/08\/Amira-Rahim-Cholula-2017.jpg?fit=612%2C612&ssl=1&resize=350%2C200 1x, https:\/\/i0.wp.com\/carlosmendozaalvarez.blog\/wp-content\/uploads\/2026\/08\/Amira-Rahim-Cholula-2017.jpg?fit=612%2C612&ssl=1&resize=525%2C300 1.5x"},"classes":[]},{"id":1424,"url":"https:\/\/carlosmendozaalvarez.blog\/en\/2025\/11\/29\/sobre-la-esperanza-en-tiempos-inciertos\/","url_meta":{"origin":1161,"position":1},"title":"On hope in uncertain times","author":"mendocinomx","date":"29 de November de 2025","format":"video","excerpt":"The absence of the messiah is something that has inspired Hebrew and Christian generations for centuries to mobilize in order to make messianic times present through acts of remembrance, justice and an (im)possible reconciliation.","rel":"","context":"In &quot;Memoria, v\u00edctimas y justicia&quot;","block_context":{"text":"Memoria, v\u00edctimas y justicia","link":"https:\/\/carlosmendozaalvarez.blog\/en\/category\/memoria-victimas-y-justicia\/"},"img":{"alt_text":"Madres buscadoras | NTR | Zacatecas, 2025","src":"https:\/\/i0.wp.com\/carlosmendozaalvarez.blog\/wp-content\/uploads\/2025\/11\/Madres-buscadoras-NTR-Zacatecas-2025.jpg?fit=1200%2C800&ssl=1&resize=350%2C200","width":350,"height":200,"srcset":"https:\/\/i0.wp.com\/carlosmendozaalvarez.blog\/wp-content\/uploads\/2025\/11\/Madres-buscadoras-NTR-Zacatecas-2025.jpg?fit=1200%2C800&ssl=1&resize=350%2C200 1x, https:\/\/i0.wp.com\/carlosmendozaalvarez.blog\/wp-content\/uploads\/2025\/11\/Madres-buscadoras-NTR-Zacatecas-2025.jpg?fit=1200%2C800&ssl=1&resize=525%2C300 1.5x, https:\/\/i0.wp.com\/carlosmendozaalvarez.blog\/wp-content\/uploads\/2025\/11\/Madres-buscadoras-NTR-Zacatecas-2025.jpg?fit=1200%2C800&ssl=1&resize=700%2C400 2x, https:\/\/i0.wp.com\/carlosmendozaalvarez.blog\/wp-content\/uploads\/2025\/11\/Madres-buscadoras-NTR-Zacatecas-2025.jpg?fit=1200%2C800&ssl=1&resize=1050%2C600 3x"},"classes":[]},{"id":1502,"url":"https:\/\/carlosmendozaalvarez.blog\/en\/2025\/12\/20\/el-clamor-de-lo-post-humano\/","url_meta":{"origin":1161,"position":2},"title":"The cry of the (post)human","author":"mendocinomx","date":"20 de December de 2025","format":false,"excerpt":"In 1511, Friar Ant\u00f3n de Montesinos, along with a handful of Dominican friars who had just landed in Quisqueya, the mother of all lands in the Ta\u00edno language, uttered a cry that still resonates in the Western consciousness: \u201cAre these not men?\u201d.","rel":"","context":"In &quot;Geopol\u00edtica y espiritualidad&quot;","block_context":{"text":"Geopol\u00edtica y espiritualidad","link":"https:\/\/carlosmendozaalvarez.blog\/en\/category\/geopolitica-y-espiritualidad\/"},"img":{"alt_text":"","src":"https:\/\/i0.wp.com\/carlosmendozaalvarez.blog\/wp-content\/uploads\/2025\/12\/Acuarela-del-monumento-a-Montesinos.jpg?fit=1200%2C799&ssl=1&resize=350%2C200","width":350,"height":200,"srcset":"https:\/\/i0.wp.com\/carlosmendozaalvarez.blog\/wp-content\/uploads\/2025\/12\/Acuarela-del-monumento-a-Montesinos.jpg?fit=1200%2C799&ssl=1&resize=350%2C200 1x, https:\/\/i0.wp.com\/carlosmendozaalvarez.blog\/wp-content\/uploads\/2025\/12\/Acuarela-del-monumento-a-Montesinos.jpg?fit=1200%2C799&ssl=1&resize=525%2C300 1.5x, https:\/\/i0.wp.com\/carlosmendozaalvarez.blog\/wp-content\/uploads\/2025\/12\/Acuarela-del-monumento-a-Montesinos.jpg?fit=1200%2C799&ssl=1&resize=700%2C400 2x, https:\/\/i0.wp.com\/carlosmendozaalvarez.blog\/wp-content\/uploads\/2025\/12\/Acuarela-del-monumento-a-Montesinos.jpg?fit=1200%2C799&ssl=1&resize=1050%2C600 3x"},"classes":[]},{"id":2012,"url":"https:\/\/carlosmendozaalvarez.blog\/en\/2026\/07\/04\/en-las-laderas-volcanicas-del-altiplano-mexicano\/","url_meta":{"origin":1161,"position":3},"title":"On the volcanic slopes of the Mexican plateau","author":"mendocinomx","date":"4 de July de 2026","format":false,"excerpt":"A story of a journey to the foothills of the Popocat\u00e9petl volcano with recollections of stories lived in that ancestral sacred land with its new expressions of life that resist systemic violence.","rel":"","context":"In &quot;Biodiversidad&quot;","block_context":{"text":"Biodiversidad","link":"https:\/\/carlosmendozaalvarez.blog\/en\/category\/biodiversidad\/"},"img":{"alt_text":"","src":"https:\/\/i0.wp.com\/carlosmendozaalvarez.blog\/wp-content\/uploads\/2026\/07\/Jorge-Gonzalez-Camarena.jpeg?fit=1200%2C1186&ssl=1&resize=350%2C200","width":350,"height":200,"srcset":"https:\/\/i0.wp.com\/carlosmendozaalvarez.blog\/wp-content\/uploads\/2026\/07\/Jorge-Gonzalez-Camarena.jpeg?fit=1200%2C1186&ssl=1&resize=350%2C200 1x, https:\/\/i0.wp.com\/carlosmendozaalvarez.blog\/wp-content\/uploads\/2026\/07\/Jorge-Gonzalez-Camarena.jpeg?fit=1200%2C1186&ssl=1&resize=525%2C300 1.5x, https:\/\/i0.wp.com\/carlosmendozaalvarez.blog\/wp-content\/uploads\/2026\/07\/Jorge-Gonzalez-Camarena.jpeg?fit=1200%2C1186&ssl=1&resize=700%2C400 2x, https:\/\/i0.wp.com\/carlosmendozaalvarez.blog\/wp-content\/uploads\/2026\/07\/Jorge-Gonzalez-Camarena.jpeg?fit=1200%2C1186&ssl=1&resize=1050%2C600 3x"},"classes":[]},{"id":1250,"url":"https:\/\/carlosmendozaalvarez.blog\/en\/2025\/10\/12\/pensar-el-misterio-de-dios-desde-las-ruinas-del-imperio\/","url_meta":{"origin":1161,"position":4},"title":"Thinking about the mystery of God from the ruins of the empire","author":"mendocinomx","date":"12 de October de 2025","format":false,"excerpt":"Seven years ago in Toronto, a theological initiative was born\u2014during a conversation with Claudio Monge of the Dominican Study Institute (Dosti) in Istanbul\u2014to reflect, together with other Dominicans, on the meaning of preaching the Gospel in today&#039;s laboratory cities, following the style of the order of preachers who...","rel":"","context":"In &quot;Contemplaci\u00f3n y silencio&quot;","block_context":{"text":"Contemplaci\u00f3n y silencio","link":"https:\/\/carlosmendozaalvarez.blog\/en\/category\/contemplacion-y-silencio\/"},"img":{"alt_text":"","src":"https:\/\/i0.wp.com\/carlosmendozaalvarez.blog\/wp-content\/uploads\/2025\/10\/Monasterios-de-Goreme.jpg?fit=1200%2C799&ssl=1&resize=350%2C200","width":350,"height":200,"srcset":"https:\/\/i0.wp.com\/carlosmendozaalvarez.blog\/wp-content\/uploads\/2025\/10\/Monasterios-de-Goreme.jpg?fit=1200%2C799&ssl=1&resize=350%2C200 1x, https:\/\/i0.wp.com\/carlosmendozaalvarez.blog\/wp-content\/uploads\/2025\/10\/Monasterios-de-Goreme.jpg?fit=1200%2C799&ssl=1&resize=525%2C300 1.5x, https:\/\/i0.wp.com\/carlosmendozaalvarez.blog\/wp-content\/uploads\/2025\/10\/Monasterios-de-Goreme.jpg?fit=1200%2C799&ssl=1&resize=700%2C400 2x, https:\/\/i0.wp.com\/carlosmendozaalvarez.blog\/wp-content\/uploads\/2025\/10\/Monasterios-de-Goreme.jpg?fit=1200%2C799&ssl=1&resize=1050%2C600 3x"},"classes":[]},{"id":1767,"url":"https:\/\/carlosmendozaalvarez.blog\/en\/2026\/03\/23\/jobelab\/","url_meta":{"origin":1161,"position":5},"title":"JobeLab","author":"mendocinomx","date":"23 de March de 2026","format":false,"excerpt":"Launch of a collective initiative - originating in San Crist\u00f3bal de Las Casas, Chiapas - to create spaces of hospitality and commensality that promote permanent discernment and mutual support among people and collectives in resistance to diverse forms of violence and re-existences that give rise to other possible worlds.","rel":"","context":"In &quot;Chiapas&quot;","block_context":{"text":"Chiapas","link":"https:\/\/carlosmendozaalvarez.blog\/en\/category\/chiapas\/"},"img":{"alt_text":"","src":"https:\/\/i0.wp.com\/carlosmendozaalvarez.blog\/wp-content\/uploads\/2026\/03\/Blog-CMA-Plantilla-imagen-para-Photopea-2026-3.jpg?fit=1200%2C799&ssl=1&resize=350%2C200","width":350,"height":200,"srcset":"https:\/\/i0.wp.com\/carlosmendozaalvarez.blog\/wp-content\/uploads\/2026\/03\/Blog-CMA-Plantilla-imagen-para-Photopea-2026-3.jpg?fit=1200%2C799&ssl=1&resize=350%2C200 1x, https:\/\/i0.wp.com\/carlosmendozaalvarez.blog\/wp-content\/uploads\/2026\/03\/Blog-CMA-Plantilla-imagen-para-Photopea-2026-3.jpg?fit=1200%2C799&ssl=1&resize=525%2C300 1.5x, https:\/\/i0.wp.com\/carlosmendozaalvarez.blog\/wp-content\/uploads\/2026\/03\/Blog-CMA-Plantilla-imagen-para-Photopea-2026-3.jpg?fit=1200%2C799&ssl=1&resize=700%2C400 2x, https:\/\/i0.wp.com\/carlosmendozaalvarez.blog\/wp-content\/uploads\/2026\/03\/Blog-CMA-Plantilla-imagen-para-Photopea-2026-3.jpg?fit=1200%2C799&ssl=1&resize=1050%2C600 3x"},"classes":[]}],"jetpack_featured_media_url":"https:\/\/i0.wp.com\/carlosmendozaalvarez.blog\/wp-content\/uploads\/2025\/08\/Sliman-Mansour-Temporary-escape-2018.png?fit=2048%2C1364&ssl=1","_links":{"self":[{"href":"https:\/\/carlosmendozaalvarez.blog\/en\/wp-json\/wp\/v2\/posts\/1161","targetHints":{"allow":["GET"]}}],"collection":[{"href":"https:\/\/carlosmendozaalvarez.blog\/en\/wp-json\/wp\/v2\/posts"}],"about":[{"href":"https:\/\/carlosmendozaalvarez.blog\/en\/wp-json\/wp\/v2\/types\/post"}],"author":[{"embeddable":true,"href":"https:\/\/carlosmendozaalvarez.blog\/en\/wp-json\/wp\/v2\/users\/266113673"}],"replies":[{"embeddable":true,"href":"https:\/\/carlosmendozaalvarez.blog\/en\/wp-json\/wp\/v2\/comments?post=1161"}],"version-history":[{"count":4,"href":"https:\/\/carlosmendozaalvarez.blog\/en\/wp-json\/wp\/v2\/posts\/1161\/revisions"}],"predecessor-version":[{"id":1165,"href":"https:\/\/carlosmendozaalvarez.blog\/en\/wp-json\/wp\/v2\/posts\/1161\/revisions\/1165"}],"wp:featuredmedia":[{"embeddable":true,"href":"https:\/\/carlosmendozaalvarez.blog\/en\/wp-json\/wp\/v2\/media\/1163"}],"wp:attachment":[{"href":"https:\/\/carlosmendozaalvarez.blog\/en\/wp-json\/wp\/v2\/media?parent=1161"}],"wp:term":[{"taxonomy":"category","embeddable":true,"href":"https:\/\/carlosmendozaalvarez.blog\/en\/wp-json\/wp\/v2\/categories?post=1161"},{"taxonomy":"post_tag","embeddable":true,"href":"https:\/\/carlosmendozaalvarez.blog\/en\/wp-json\/wp\/v2\/tags?post=1161"}],"curies":[{"name":"wp","href":"https:\/\/api.w.org\/{rel}","templated":true}]}}